{"id":150047,"date":"2023-05-29T18:13:34","date_gmt":"2023-05-29T16:13:34","guid":{"rendered":"https:\/\/radiostargjilan.com\/web\/?p=150047"},"modified":"2023-05-29T18:13:34","modified_gmt":"2023-05-29T16:13:34","slug":"hovenier-i-propozuam-qe-kryetaret-ta-ushtrojne-detyren-jashte-objekteve-komunale-ne-veri","status":"publish","type":"post","link":"https:\/\/radiostargjilan.com\/web\/hovenier-i-propozuam-qe-kryetaret-ta-ushtrojne-detyren-jashte-objekteve-komunale-ne-veri\/","title":{"rendered":"Hovenier: I propozuam q\u00eb kryetar\u00ebt ta ushtrojn\u00eb detyr\u00ebn jasht\u00eb objekteve komunale n\u00eb veri"},"content":{"rendered":"<p>Ambasadori amerikan, Jeffrey Hovenier, \u00ebsht\u00eb deklaruar pas takimit t\u00eb ambasador\u00ebve t\u00eb shteteve t\u00eb QUINT-it me kryeministrin e Kosov\u00ebs, Albin Kurti, pas tensioneve t\u00eb fundit n\u00eb veri t\u00eb vendit.<\/p>\n<p>Hovenier tha se u pajtuan q\u00eb situata duhet t\u00eb deeskalohet, dhe tha se, sipas QUINT, kryetar\u00ebt nuk \u00ebsht\u00eb e nevojshme t\u00eb dalin n\u00eb pun\u00eb \u00e7do dit\u00eb.<\/p>\n<p>\u201cPati dakordim se situata duhet t\u00eb de-eskalohet por nuk di n\u00ebse mund t\u00eb them se ka pajtim se si do t\u00eb ndodh ky de-eskalim\u201d. \u201cSHBA beson, po flas edhe p\u00ebr koleg\u00ebt, q\u00eb nuk \u00ebsht\u00eb e nevojshme q\u00eb kryetar\u00ebt e zgjedhur n\u00eb veri t\u00eb dalin n\u00eb pun\u00eb domosdosshm\u00ebrisht \u00e7do dit\u00eb. N\u00eb fakt, n\u00eb afat t\u00eb shkurt\u00eb, ne rekomandojm\u00eb q\u00eb t\u00eb mos ndodh k\u00ebshtu\u201d.<\/p>\n<p>Tutje, sipas ambasadorit amerikan, rekomandimi i SHBA-ve \u00ebsht\u00eb q\u00eb kryetar\u00ebt t\u00eb mos punojn\u00eb nga objektet komunale por nga nd\u00ebrtesa t\u00eb tjera. Mir\u00ebpo, nuk tregoi n\u00ebse kryeministri Kurti u pajtua me k\u00ebt\u00eb rekomandim, pasi tha se nuk i takon atij t\u00eb flas\u00eb.<\/p>\n<p>\u201cAshtu si Qeveria ua mund\u00ebsoi q\u00eb ata t\u00eb merrnin betimet e tyre n\u00eb nd\u00ebrtesa t\u00eb tjera autoritare, p\u00ebr t\u00eb shmangur konfliktin dhe perceptimin e rritjes s\u00eb tensioneve, ne mendojm\u00eb se kjo \u00ebsht\u00eb po ashtu m\u00ebnyra e duhur q\u00eb ata t\u00eb punojn\u00eb [larg objekteve komunale]\u201d, deklaroi Hovenier.<\/p>\n<p>I nj\u00ebjti ka d\u00ebnuar edhe sulmet ndaj gazetar\u00ebve, dhe zyrtar\u00ebve t\u00eb tjer\u00eb.<\/p>\n","protected":false},"excerpt":{"rendered":"<p>Ambasadori amerikan, Jeffrey Hovenier, \u00ebsht\u00eb deklaruar pas takimit t\u00eb ambasador\u00ebve t\u00eb shteteve t\u00eb QUINT-it me kryeministrin e Kosov\u00ebs, Albin Kurti, pas tensioneve t\u00eb fundit n\u00eb veri t\u00eb vendit. Hovenier tha se u pajtuan q\u00eb situata duhet t\u00eb deeskalohet, dhe tha se, sipas QUINT, kryetar\u00ebt nuk \u00ebsht\u00eb e nevojshme t\u00eb dalin n\u00eb pun\u00eb \u00e7do dit\u00eb. \u201cPati [&hellip;]<\/p>\n","protected":false},"author":1,"featured_media":150048,"comment_status":"closed","ping_status":"closed","sticky":false,"template":"","format":"standard","meta":{"footnotes":""},"categories":[5],"tags":[],"class_list":{"0":"post-150047","1":"post","2":"type-post","3":"status-publish","4":"format-standard","5":"has-post-thumbnail","7":"category-lajme"},"_links":{"self":[{"href":"https:\/\/radiostargjilan.com\/web\/wp-json\/wp\/v2\/posts\/150047","targetHints":{"allow":["GET"]}}],"collection":[{"href":"https:\/\/radiostargjilan.com\/web\/wp-json\/wp\/v2\/posts"}],"about":[{"href":"https:\/\/radiostargjilan.com\/web\/wp-json\/wp\/v2\/types\/post"}],"author":[{"embeddable":true,"href":"https:\/\/radiostargjilan.com\/web\/wp-json\/wp\/v2\/users\/1"}],"replies":[{"embeddable":true,"href":"https:\/\/radiostargjilan.com\/web\/wp-json\/wp\/v2\/comments?post=150047"}],"version-history":[{"count":0,"href":"https:\/\/radiostargjilan.com\/web\/wp-json\/wp\/v2\/posts\/150047\/revisions"}],"wp:featuredmedia":[{"embeddable":true,"href":"https:\/\/radiostargjilan.com\/web\/wp-json\/wp\/v2\/media\/150048"}],"wp:attachment":[{"href":"https:\/\/radiostargjilan.com\/web\/wp-json\/wp\/v2\/media?parent=150047"}],"wp:term":[{"taxonomy":"category","embeddable":true,"href":"https:\/\/radiostargjilan.com\/web\/wp-json\/wp\/v2\/categories?post=150047"},{"taxonomy":"post_tag","embeddable":true,"href":"https:\/\/radiostargjilan.com\/web\/wp-json\/wp\/v2\/tags?post=150047"}],"curies":[{"name":"wp","href":"https:\/\/api.w.org\/{rel}","templated":true}]}}