{"id":150050,"date":"2023-05-29T18:17:13","date_gmt":"2023-05-29T16:17:13","guid":{"rendered":"https:\/\/radiostargjilan.com\/web\/?p=150050"},"modified":"2023-05-29T18:17:13","modified_gmt":"2023-05-29T16:17:13","slug":"pamje-nga-vendi-ku-jane-strehuar-rreth-30-gazetare-serbet-e-maskuar-po-hedhin-bomba","status":"publish","type":"post","link":"https:\/\/radiostargjilan.com\/web\/pamje-nga-vendi-ku-jane-strehuar-rreth-30-gazetare-serbet-e-maskuar-po-hedhin-bomba\/","title":{"rendered":"Pamje nga vendi ku jan\u00eb strehuar rreth 30 gazetar\u00eb: Serb\u00ebt e maskuar po hedhin bomba"},"content":{"rendered":"<p>Kryetari i Asociacionit t\u00eb Gazetar\u00ebve t\u00eb Kosov\u00ebs, Xhemajl Rexha ka publikuar nj\u00eb fotografi nga nj\u00eb lokal n\u00eb veri t\u00eb Kosov\u00ebs, ku thot\u00eb se jan\u00eb strehuar ai dhe rreth 30 gazetar\u00eb t\u00eb tjer\u00eb shqiptar\u00eb dhe serb\u00eb.<\/p>\n<p>Rexha ka shkruar n\u00eb Twitter se serb\u00ebt e maskuar po hedhin bomba me benzin\u00eb drejt ushtar\u00ebve t\u00eb KFOR-it.<\/p>\n<p>\u201cMe rreth 30 gazetar\u00eb, shqiptar\u00eb dhe serb\u00eb kemi mbetur n\u00eb nj\u00eb kafe af\u00ebr nd\u00ebrtes\u00ebs s\u00eb komun\u00ebs. Serb\u00ebt e maskuar po hedhin bomba me benzin\u00eb drejt forcave t\u00eb NATO-s gjat\u00eb gjith\u00eb koh\u00ebs\u201d, shkroi Rexha.<\/p>\n<p><a href=\"https:\/\/radiostargjilan.com\/web\/wp-content\/uploads\/2023\/05\/F53AD749-CA08-4546-A496-B414532C8A8A.jpeg\"><img loading=\"lazy\" loading=\"lazy\" decoding=\"async\" src=\"https:\/\/radiostargjilan.com\/web\/wp-content\/uploads\/2023\/05\/F53AD749-CA08-4546-A496-B414532C8A8A.jpeg\" alt=\"\" width=\"1284\" height=\"1857\" class=\"alignnone size-full wp-image-150051\" srcset=\"https:\/\/radiostargjilan.com\/web\/wp-content\/uploads\/2023\/05\/F53AD749-CA08-4546-A496-B414532C8A8A.jpeg 1284w, https:\/\/radiostargjilan.com\/web\/wp-content\/uploads\/2023\/05\/F53AD749-CA08-4546-A496-B414532C8A8A-207x300.jpeg 207w, https:\/\/radiostargjilan.com\/web\/wp-content\/uploads\/2023\/05\/F53AD749-CA08-4546-A496-B414532C8A8A-708x1024.jpeg 708w, https:\/\/radiostargjilan.com\/web\/wp-content\/uploads\/2023\/05\/F53AD749-CA08-4546-A496-B414532C8A8A-768x1111.jpeg 768w, https:\/\/radiostargjilan.com\/web\/wp-content\/uploads\/2023\/05\/F53AD749-CA08-4546-A496-B414532C8A8A-1062x1536.jpeg 1062w, https:\/\/radiostargjilan.com\/web\/wp-content\/uploads\/2023\/05\/F53AD749-CA08-4546-A496-B414532C8A8A-860x1244.jpeg 860w\" sizes=\"auto, (max-width: 1284px) 100vw, 1284px\" \/><\/a><\/p>\n","protected":false},"excerpt":{"rendered":"<p>Kryetari i Asociacionit t\u00eb Gazetar\u00ebve t\u00eb Kosov\u00ebs, Xhemajl Rexha ka publikuar nj\u00eb fotografi nga nj\u00eb lokal n\u00eb veri t\u00eb Kosov\u00ebs, ku thot\u00eb se jan\u00eb strehuar ai dhe rreth 30 gazetar\u00eb t\u00eb tjer\u00eb shqiptar\u00eb dhe serb\u00eb. Rexha ka shkruar n\u00eb Twitter se serb\u00ebt e maskuar po hedhin bomba me benzin\u00eb drejt ushtar\u00ebve t\u00eb KFOR-it. \u201cMe rreth [&hellip;]<\/p>\n","protected":false},"author":1,"featured_media":150052,"comment_status":"closed","ping_status":"closed","sticky":false,"template":"","format":"standard","meta":{"footnotes":""},"categories":[5],"tags":[],"class_list":{"0":"post-150050","1":"post","2":"type-post","3":"status-publish","4":"format-standard","5":"has-post-thumbnail","7":"category-lajme"},"_links":{"self":[{"href":"https:\/\/radiostargjilan.com\/web\/wp-json\/wp\/v2\/posts\/150050","targetHints":{"allow":["GET"]}}],"collection":[{"href":"https:\/\/radiostargjilan.com\/web\/wp-json\/wp\/v2\/posts"}],"about":[{"href":"https:\/\/radiostargjilan.com\/web\/wp-json\/wp\/v2\/types\/post"}],"author":[{"embeddable":true,"href":"https:\/\/radiostargjilan.com\/web\/wp-json\/wp\/v2\/users\/1"}],"replies":[{"embeddable":true,"href":"https:\/\/radiostargjilan.com\/web\/wp-json\/wp\/v2\/comments?post=150050"}],"version-history":[{"count":0,"href":"https:\/\/radiostargjilan.com\/web\/wp-json\/wp\/v2\/posts\/150050\/revisions"}],"wp:featuredmedia":[{"embeddable":true,"href":"https:\/\/radiostargjilan.com\/web\/wp-json\/wp\/v2\/media\/150052"}],"wp:attachment":[{"href":"https:\/\/radiostargjilan.com\/web\/wp-json\/wp\/v2\/media?parent=150050"}],"wp:term":[{"taxonomy":"category","embeddable":true,"href":"https:\/\/radiostargjilan.com\/web\/wp-json\/wp\/v2\/categories?post=150050"},{"taxonomy":"post_tag","embeddable":true,"href":"https:\/\/radiostargjilan.com\/web\/wp-json\/wp\/v2\/tags?post=150050"}],"curies":[{"name":"wp","href":"https:\/\/api.w.org\/{rel}","templated":true}]}}