{"id":150542,"date":"2023-06-03T22:26:22","date_gmt":"2023-06-03T20:26:22","guid":{"rendered":"https:\/\/radiostargjilan.com\/web\/?p=150542"},"modified":"2023-06-03T22:26:22","modified_gmt":"2023-06-03T20:26:22","slug":"24-vjecari-mbyt-nenen-e-tij-ne-permet","status":"publish","type":"post","link":"https:\/\/radiostargjilan.com\/web\/24-vjecari-mbyt-nenen-e-tij-ne-permet\/","title":{"rendered":"24-vje\u00e7ari mbyt n\u00ebn\u00ebn e tij n\u00eb P\u00ebrmet"},"content":{"rendered":"<p>Nj\u00eb ngjarje e r\u00ebnd\u00eb ka ndodhur n\u00eb P\u00ebrmet mbr\u00ebmjen e s\u00eb shtun\u00ebs, ku nj\u00eb 24-vje\u00e7ar ka mbytur n\u00ebn\u00ebn e tij.<\/p>\n<p>Sipas policis\u00eb, viktima \u00ebsht\u00eb me iniciale Z.M. 65 vje\u00e7. Nd\u00ebrsa i dyshuari, me iniciale A.M. 24 vje\u00e7, mendohet se e ka kryer aktin e r\u00ebnd\u00eb n\u00eb gjendje depresive.<\/p>\n<p>Pasi mbyt\u00ebn n\u00ebn\u00ebn, ai u arratis nga vendngjarje dhe u kap nga policia disa \u00e7aste m\u00eb von\u00eb.<\/p>\n<p>N\u00eb vendngjarje ndodhet grupi hetimor dhe n\u00ebn drejtimin e Prokuroris\u00eb vijon puna p\u00ebr sqarimin e plot\u00eb t\u00eb rrethanave t\u00eb ngjarjes.<\/p>\n","protected":false},"excerpt":{"rendered":"<p>Nj\u00eb ngjarje e r\u00ebnd\u00eb ka ndodhur n\u00eb P\u00ebrmet mbr\u00ebmjen e s\u00eb shtun\u00ebs, ku nj\u00eb 24-vje\u00e7ar ka mbytur n\u00ebn\u00ebn e tij. Sipas policis\u00eb, viktima \u00ebsht\u00eb me iniciale Z.M. 65 vje\u00e7. Nd\u00ebrsa i dyshuari, me iniciale A.M. 24 vje\u00e7, mendohet se e ka kryer aktin e r\u00ebnd\u00eb n\u00eb gjendje depresive. Pasi mbyt\u00ebn n\u00ebn\u00ebn, ai u arratis nga [&hellip;]<\/p>\n","protected":false},"author":1,"featured_media":150543,"comment_status":"closed","ping_status":"closed","sticky":false,"template":"","format":"standard","meta":{"footnotes":""},"categories":[5],"tags":[],"class_list":{"0":"post-150542","1":"post","2":"type-post","3":"status-publish","4":"format-standard","5":"has-post-thumbnail","7":"category-lajme"},"_links":{"self":[{"href":"https:\/\/radiostargjilan.com\/web\/wp-json\/wp\/v2\/posts\/150542","targetHints":{"allow":["GET"]}}],"collection":[{"href":"https:\/\/radiostargjilan.com\/web\/wp-json\/wp\/v2\/posts"}],"about":[{"href":"https:\/\/radiostargjilan.com\/web\/wp-json\/wp\/v2\/types\/post"}],"author":[{"embeddable":true,"href":"https:\/\/radiostargjilan.com\/web\/wp-json\/wp\/v2\/users\/1"}],"replies":[{"embeddable":true,"href":"https:\/\/radiostargjilan.com\/web\/wp-json\/wp\/v2\/comments?post=150542"}],"version-history":[{"count":0,"href":"https:\/\/radiostargjilan.com\/web\/wp-json\/wp\/v2\/posts\/150542\/revisions"}],"wp:featuredmedia":[{"embeddable":true,"href":"https:\/\/radiostargjilan.com\/web\/wp-json\/wp\/v2\/media\/150543"}],"wp:attachment":[{"href":"https:\/\/radiostargjilan.com\/web\/wp-json\/wp\/v2\/media?parent=150542"}],"wp:term":[{"taxonomy":"category","embeddable":true,"href":"https:\/\/radiostargjilan.com\/web\/wp-json\/wp\/v2\/categories?post=150542"},{"taxonomy":"post_tag","embeddable":true,"href":"https:\/\/radiostargjilan.com\/web\/wp-json\/wp\/v2\/tags?post=150542"}],"curies":[{"name":"wp","href":"https:\/\/api.w.org\/{rel}","templated":true}]}}