{"id":150597,"date":"2023-06-04T17:37:31","date_gmt":"2023-06-04T15:37:31","guid":{"rendered":"https:\/\/radiostargjilan.com\/web\/?p=150597"},"modified":"2023-06-04T17:37:51","modified_gmt":"2023-06-04T15:37:51","slug":"finalistet-e-kupes-ja-kush-ishte-me-i-mire-ne-kampionat-gjilani-apo-prishtina","status":"publish","type":"post","link":"https:\/\/radiostargjilan.com\/web\/finalistet-e-kupes-ja-kush-ishte-me-i-mire-ne-kampionat-gjilani-apo-prishtina\/","title":{"rendered":"Finalist\u00ebt e Kup\u00ebs, ja kush ishte m\u00eb i mir\u00eb n\u00eb kampionat, Gjilani apo Prishtina"},"content":{"rendered":"<p>Gjilani dhe Prishtina do t\u00eb p\u00ebrballen k\u00ebt\u00eb t\u00eb h\u00ebn\u00eb n\u00eb Finalen e Kup\u00ebs s\u00eb Kosov\u00ebs n\u00eb Futboll, ndeshje kjo q\u00eb do t\u00eb luhet k\u00ebt\u00eb t\u00eb h\u00ebn\u00eb me fillim n\u00eb ora 18 n\u00eb Stadiumin \u201cFadil Vokrri\u201d n\u00eb Prishtin\u00eb.<\/p>\n<p>Gjilani, q\u00eb tashme e ka t\u00eb sigurt pjes\u00ebmarrjen n\u00eb Europa Conference League do t\u00eb p\u00ebrballet me Prishtin\u00ebn q\u00eb doli e pesta n\u00eb kampionat dhe e cila nuk \u00ebsht\u00eb licencuar p\u00ebr t\u00eb marr\u00eb pjes\u00eb n\u00eb garat nd\u00ebrkomb\u00ebtare, shkruan kryelajmi.com.<\/p>\n<p>N\u00eb kampionatin 2022\/2023, Gjilani e Prishtina jan\u00eb p\u00ebrballuar kat\u00ebr her\u00eb dhe \u00ebsht\u00eb interesant se asnj\u00ebher\u00eb nuk pati fitues. <\/p>\n<p>N\u00eb ndeshjen e par\u00eb t\u00eb luajtur m\u00eb 11 shtator 2022, Gjilani e Prishtina kan\u00eb luajtur baras me rezultat 1:1. Gjilani kishte sh\u00ebnuar n\u00eb pjes\u00eb t\u00eb par\u00eb n\u00ebp\u00ebrmjet brazilianit Elton Cal\u00e9, derisa n\u00eb pjes\u00eb t\u00eb dyt\u00eb kishte barazuar Kreshnik Uka, q\u00eb kishte sh\u00ebnuar nga pika e bardh\u00eb. <\/p>\n<p>Edhe ndeshja e dyt\u00eb n\u00eb mes t\u00eb k\u00ebtyre dy ekipeve ka p\u00ebrfunduar me rezultat t\u00eb barabart\u00eb, megjith\u00ebse n\u00eb \u201cFadil Vokrri\u201d, Prishtina dy her\u00eb ishte n\u00eb ep\u00ebrsi, por n\u00eb fund ndeshje u mbyll baras 2:2 (Arlind Shabani 43, Albin Prapashtica 63 \u2013 Albert Dabiqaj 58, 74). <\/p>\n<p>M\u00eb 9 mars t\u00eb k\u00ebtij viti, Gjilani e Prishtina luajt\u00ebn n\u00eb Gjilan dhe s\u00ebrish nuk pati fitues, ngase asnj\u00ebra nga ekipet nuk ia doli t\u00eb sh\u00ebnoj\u00eb dhe ndeshja u mbyll pa gola 0:0 e gola nuk pati as n\u00eb ndeshjen e 7 majit t\u00eb k\u00ebtij viti, q\u00eb u luajt n\u00eb Prishtin\u00eb.<\/p>\n<p>N\u00eb kat\u00ebr ndeshje k\u00ebto dy ekipe luajt\u00ebn baras, por n\u00eb finalen e Kup\u00ebs nj\u00eb mund\u00ebsi e till\u00eb nuk ekziston, ngase n\u00eb rast t\u00eb barazimit eventual do t\u00eb luhen vazhdimet e n\u00ebse edhe at\u00ebher\u00eb nuk ka fitues do t\u00eb ekzekutohen penaltit\u00eb.\/kryelajmi.com\/.<\/p>\n","protected":false},"excerpt":{"rendered":"<p>Gjilani dhe Prishtina do t\u00eb p\u00ebrballen k\u00ebt\u00eb t\u00eb h\u00ebn\u00eb n\u00eb Finalen e Kup\u00ebs s\u00eb Kosov\u00ebs n\u00eb Futboll, ndeshje kjo q\u00eb do t\u00eb luhet k\u00ebt\u00eb t\u00eb h\u00ebn\u00eb me fillim n\u00eb ora 18 n\u00eb Stadiumin \u201cFadil Vokrri\u201d n\u00eb Prishtin\u00eb. Gjilani, q\u00eb tashme e ka t\u00eb sigurt pjes\u00ebmarrjen n\u00eb Europa Conference League do t\u00eb p\u00ebrballet me Prishtin\u00ebn q\u00eb [&hellip;]<\/p>\n","protected":false},"author":1,"featured_media":150598,"comment_status":"closed","ping_status":"closed","sticky":false,"template":"","format":"standard","meta":{"footnotes":""},"categories":[7],"tags":[],"class_list":{"0":"post-150597","1":"post","2":"type-post","3":"status-publish","4":"format-standard","5":"has-post-thumbnail","7":"category-sports"},"_links":{"self":[{"href":"https:\/\/radiostargjilan.com\/web\/wp-json\/wp\/v2\/posts\/150597","targetHints":{"allow":["GET"]}}],"collection":[{"href":"https:\/\/radiostargjilan.com\/web\/wp-json\/wp\/v2\/posts"}],"about":[{"href":"https:\/\/radiostargjilan.com\/web\/wp-json\/wp\/v2\/types\/post"}],"author":[{"embeddable":true,"href":"https:\/\/radiostargjilan.com\/web\/wp-json\/wp\/v2\/users\/1"}],"replies":[{"embeddable":true,"href":"https:\/\/radiostargjilan.com\/web\/wp-json\/wp\/v2\/comments?post=150597"}],"version-history":[{"count":0,"href":"https:\/\/radiostargjilan.com\/web\/wp-json\/wp\/v2\/posts\/150597\/revisions"}],"wp:featuredmedia":[{"embeddable":true,"href":"https:\/\/radiostargjilan.com\/web\/wp-json\/wp\/v2\/media\/150598"}],"wp:attachment":[{"href":"https:\/\/radiostargjilan.com\/web\/wp-json\/wp\/v2\/media?parent=150597"}],"wp:term":[{"taxonomy":"category","embeddable":true,"href":"https:\/\/radiostargjilan.com\/web\/wp-json\/wp\/v2\/categories?post=150597"},{"taxonomy":"post_tag","embeddable":true,"href":"https:\/\/radiostargjilan.com\/web\/wp-json\/wp\/v2\/tags?post=150597"}],"curies":[{"name":"wp","href":"https:\/\/api.w.org\/{rel}","templated":true}]}}