{"id":150700,"date":"2023-06-06T10:08:53","date_gmt":"2023-06-06T08:08:53","guid":{"rendered":"https:\/\/radiostargjilan.com\/web\/?p=150700"},"modified":"2023-06-06T10:08:53","modified_gmt":"2023-06-06T08:08:53","slug":"vetem-11-e-serbeve-do-te-luftonin-per-kosoven","status":"publish","type":"post","link":"https:\/\/radiostargjilan.com\/web\/vetem-11-e-serbeve-do-te-luftonin-per-kosoven\/","title":{"rendered":"Vet\u00ebm 11% e serb\u00ebve do t\u00eb luftonin p\u00ebr Kosov\u00ebn"},"content":{"rendered":"<p>\u00cbsht\u00eb e v\u00ebshtir\u00eb t\u00eb prish\u00ebsh di\u00e7ka aq t\u00eb mir\u00eb sa k\u00ebto protesta, por ne e kemi d\u00ebshmuar shum\u00eb her\u00eb se mund t\u00eb prishim di\u00e7ka t\u00eb mir\u00eb, tha sot sociologu Sre\u00e7ko Mihailoviq gjat\u00eb prezantimit t\u00eb anket\u00ebs s\u00eb opinionit publik t\u00eb Demostatit.<\/p>\n<p>Protestat jan\u00eb n\u00eb Beograd, dhe Beogradi \u00ebsht\u00eb di\u00e7ka ndryshe nga Serbia, dhe kreu i shtetit, Aleksandar Vu\u00e7iq, \u201ce b\u00ebri\u201d, prandaj shpalli bisedimet n\u00eb 16 qytete, tha Mihailoviq.<\/p>\n<p>Ai vler\u00ebsoi se pengesa m\u00eb e madhe e protest\u00ebs \u00ebsht\u00eb distancimi nga politika, politikan\u00ebt dhe partit\u00eb, sepse populli nuk mund t\u00eb shkoj\u00eb vet\u00eb n\u00eb zgjedhje, pa elitat politike.<\/p>\n<p>Mihailoviq tha se rezultatet e hulumtimit tregojn\u00eb se 47 p\u00ebr qind e t\u00eb anketuarve jetojn\u00eb nj\u00ebsoj si 10 vjet m\u00eb par\u00eb, pothuajse nj\u00eb \u00e7erek m\u00eb mir\u00eb dhe 29 p\u00ebr qind m\u00eb keq.<\/p>\n<p>Hulumtimi \u00ebsht\u00eb kryer \u201cball\u00eb p\u00ebr ball\u00eb\u201d, me 1600 t\u00eb anketuar, nga 24 prilli deri m\u00eb 4 maj.<\/p>\n<p>Mihailoviq deklaroi se m\u00eb shum\u00eb se 40 p\u00ebr qind e qytetar\u00ebve jan\u00eb p\u00ebrgjigjur se jetojn\u00eb \u201ckryesisht mir\u00eb\u201d, pak m\u00eb pak se nj\u00eb e kat\u00ebrta \u201ckryesisht keq\u201d, dhe 35 p\u00ebr qind \u201cas mir\u00eb as keq\u201d.<\/p>\n<p>Rezultatet tregojn\u00eb se 41 p\u00ebr qind p\u00ebrgjigjen se u mungon shum\u00eb p\u00ebr nj\u00eb jet\u00eb t\u00eb denj\u00eb, 29 p\u00ebr qind thon\u00eb se u mungon pak, 26 p\u00ebr qind kan\u00eb mjaftuesh\u00ebm p\u00ebr nj\u00eb jet\u00eb t\u00eb denj\u00eb, nd\u00ebrsa kat\u00ebr p\u00ebr qind kan\u00eb th\u00ebn\u00eb se kan\u00eb m\u00eb shum\u00eb, tha Mihailoviq.<\/p>\n<p>Sa i p\u00ebrket aktiviteteve t\u00eb Vu\u00e7iqit dhe qeveris\u00eb, Mihailoviq deklaroi se 48 p\u00ebr qind e t\u00eb anketuarve i kan\u00eb cil\u00ebsuar si rezultate t\u00eb k\u00ebqija n\u00eb standardin e qytetar\u00ebve, 46 p\u00ebr qind n\u00eb luft\u00ebn kund\u00ebr krimit dhe korrupsionit, 32 p\u00ebr qind n\u00eb Bashkimin Evropian, 35 p\u00ebr qind n\u00eb ekonomi dhe \u00e7do e treta n\u00eb politik\u00eb n\u00eb Kosov\u00eb.<\/p>\n<p>Si ve\u00e7an\u00ebrisht t\u00eb keqe, qytetar\u00ebt e vler\u00ebsojn\u00eb situat\u00ebn n\u00eb sh\u00ebndet\u00ebsi, ekonomi dhe arsim.<\/p>\n<p>Mihailoviq tha se 22 p\u00ebr qind e t\u00eb anketuarve besojn\u00eb se Rusia \u00ebsht\u00eb bastioni i politik\u00ebs s\u00eb jashtme t\u00eb Serbis\u00eb, nd\u00ebrsa 20 p\u00ebr qind mendojn\u00eb se \u00ebsht\u00eb roli i Bashkimit Evropian.<\/p>\n<p>N\u00ebse pyetja \u00ebsht\u00eb q\u00ebndrimi ndaj Lindjes dhe Per\u00ebndimit, 30 p\u00ebr qind e t\u00eb anketuarve jan\u00eb p\u00ebr Rusin\u00eb dhe Kin\u00ebn, dhe 35 p\u00ebr qind jan\u00eb p\u00ebr BE-n\u00eb, Shtetet e Bashkuara t\u00eb Amerik\u00ebs dhe vendet skandinave, tha Mihailoviq.<\/p>\n<p>Mihailoviq deklaroi se 23 p\u00ebr qind e t\u00eb anketuarve jan\u00eb p\u00ebr vendosjen e sanksioneve ndaj Rusis\u00eb, 35 p\u00ebr qind jan\u00eb kund\u00ebr, nd\u00ebrsa 42 p\u00ebr qind p\u00ebrgjigjen \u201cnuk e di\u201d.<\/p>\n<p>N\u00ebse nes\u00ebr do t\u00eb mbahej referendum p\u00ebr an\u00ebtar\u00ebsimin n\u00eb BE, p\u00ebrqindja pro dhe kund\u00ebr \u00ebsht\u00eb e nj\u00ebjt\u00eb \u2013 33 p\u00ebr qind.<\/p>\n<p>11 p\u00ebr qind e t\u00eb anketuarve do t\u00eb luftonin p\u00ebr Kosov\u00ebn, nd\u00ebrsa 65 p\u00ebr qind kund\u00ebrshtojn\u00eb \u00e7do konflikt me shqiptar\u00ebt dhe bashk\u00ebsin\u00eb nd\u00ebrkomb\u00ebtare, tha Mihailoviq.<\/p>\n<p>Drejtori i programit Demostat, Zoran Panoviq tha se qytetar\u00ebt informohen nga tre blloqe \u2013 30 p\u00ebr qind nga televizioni me frekuenc\u00eb komb\u00ebtare dhe Radiotelevizioni i Serbis\u00eb, 18 p\u00ebr qind nga TV N1 dhe TV Nova S, ose 23 p\u00ebr qind nga rrjetet dhe portalet e internetit.<\/p>\n","protected":false},"excerpt":{"rendered":"<p>\u00cbsht\u00eb e v\u00ebshtir\u00eb t\u00eb prish\u00ebsh di\u00e7ka aq t\u00eb mir\u00eb sa k\u00ebto protesta, por ne e kemi d\u00ebshmuar shum\u00eb her\u00eb se mund t\u00eb prishim di\u00e7ka t\u00eb mir\u00eb, tha sot sociologu Sre\u00e7ko Mihailoviq gjat\u00eb prezantimit t\u00eb anket\u00ebs s\u00eb opinionit publik t\u00eb Demostatit. Protestat jan\u00eb n\u00eb Beograd, dhe Beogradi \u00ebsht\u00eb di\u00e7ka ndryshe nga Serbia, dhe kreu i shtetit, [&hellip;]<\/p>\n","protected":false},"author":1,"featured_media":150701,"comment_status":"closed","ping_status":"closed","sticky":false,"template":"","format":"standard","meta":{"footnotes":""},"categories":[5],"tags":[],"class_list":{"0":"post-150700","1":"post","2":"type-post","3":"status-publish","4":"format-standard","5":"has-post-thumbnail","7":"category-lajme"},"_links":{"self":[{"href":"https:\/\/radiostargjilan.com\/web\/wp-json\/wp\/v2\/posts\/150700","targetHints":{"allow":["GET"]}}],"collection":[{"href":"https:\/\/radiostargjilan.com\/web\/wp-json\/wp\/v2\/posts"}],"about":[{"href":"https:\/\/radiostargjilan.com\/web\/wp-json\/wp\/v2\/types\/post"}],"author":[{"embeddable":true,"href":"https:\/\/radiostargjilan.com\/web\/wp-json\/wp\/v2\/users\/1"}],"replies":[{"embeddable":true,"href":"https:\/\/radiostargjilan.com\/web\/wp-json\/wp\/v2\/comments?post=150700"}],"version-history":[{"count":0,"href":"https:\/\/radiostargjilan.com\/web\/wp-json\/wp\/v2\/posts\/150700\/revisions"}],"wp:featuredmedia":[{"embeddable":true,"href":"https:\/\/radiostargjilan.com\/web\/wp-json\/wp\/v2\/media\/150701"}],"wp:attachment":[{"href":"https:\/\/radiostargjilan.com\/web\/wp-json\/wp\/v2\/media?parent=150700"}],"wp:term":[{"taxonomy":"category","embeddable":true,"href":"https:\/\/radiostargjilan.com\/web\/wp-json\/wp\/v2\/categories?post=150700"},{"taxonomy":"post_tag","embeddable":true,"href":"https:\/\/radiostargjilan.com\/web\/wp-json\/wp\/v2\/tags?post=150700"}],"curies":[{"name":"wp","href":"https:\/\/api.w.org\/{rel}","templated":true}]}}