{"id":151754,"date":"2023-06-18T09:46:28","date_gmt":"2023-06-18T07:46:28","guid":{"rendered":"https:\/\/radiostargjilan.com\/web\/?p=151754"},"modified":"2023-06-18T09:46:28","modified_gmt":"2023-06-18T07:46:28","slug":"makina-e-dyshuar-me-targa-te-kosoves-qe-ra-ne-lepenc-pacolli-thote-se-tre-shqiptaret-kane-vdekur","status":"publish","type":"post","link":"https:\/\/radiostargjilan.com\/web\/makina-e-dyshuar-me-targa-te-kosoves-qe-ra-ne-lepenc-pacolli-thote-se-tre-shqiptaret-kane-vdekur\/","title":{"rendered":"Makina e dyshuar me targa t\u00eb Kosov\u00ebs q\u00eb ra n\u00eb Lepenc, Pacolli thot\u00eb se tre shqiptar\u00ebt kan\u00eb vdekur"},"content":{"rendered":"<p>Deputeti i Kuvendit t\u00eb Kosov\u00ebs, Begjet Pacolli thot\u00eb se tre personat q\u00eb ran\u00eb n\u00eb lumin Lepenc kan\u00eb vdekur dhe i nj\u00ebjti ka publikuar emrat e tyre<\/p>\n<p>Nj\u00eb makin\u00eb q\u00eb dyshohet se ishte me targa t\u00eb Kosov\u00ebs \u00ebsht\u00eb p\u00ebrmbysur n\u00eb lumin Lepenc.<\/p>\n<p>Makina ishte p\u00ebrmbysur pasditen e djeshme n\u00eb lumin Lepenc, n\u00eb pjes\u00ebn e Maqedonis\u00eb s\u00eb Veriut, p\u00ebrkat\u00ebsisht af\u00ebr tunelit n\u00eb rrug\u00ebn Shkup-Bllac\u00eb. Alsat M raporton se dyshimet e para jan\u00eb q\u00eb makina t\u00eb ket\u00eb targa t\u00eb Kosov\u00ebs.<\/p>\n<p>Deputeti i Kuvendit t\u00eb Kosov\u00ebs, Begjet Pacolli, thot\u00eb se tre personat q\u00eb ran\u00eb n\u00eb lumin Lepenc jan\u00eb shqiptar\u00eb dhe kan\u00eb vdekur, i nj\u00ebjti ka publikuar emrat e tyre.<\/p>\n<p>Pacolli p\u00ebrmes nj\u00eb postimi thot\u00eb se ishin familje.<\/p>\n<p>\u201cE p\u00ebrjetoi me dhimbje tragjedin\u00eb e familjes Pacolli, k\u00ebt\u00eb mbr\u00ebmje n\u00eb Maqedoni ku Naim, Merita dhe Ermal Pacolli, humb\u00ebn jet\u00eb. Zoti i m\u00ebshiroft\u00eb t\u00eb ndjer\u00ebt e Shk\u00eblqimit i uroi sh\u00ebrim t\u00eb shpejt\u00eb. Lutem p\u00ebr k\u00ebt\u00eb familje!\u201d, shkruan Pacolli.<\/p>\n","protected":false},"excerpt":{"rendered":"<p>Deputeti i Kuvendit t\u00eb Kosov\u00ebs, Begjet Pacolli thot\u00eb se tre personat q\u00eb ran\u00eb n\u00eb lumin Lepenc kan\u00eb vdekur dhe i nj\u00ebjti ka publikuar emrat e tyre Nj\u00eb makin\u00eb q\u00eb dyshohet se ishte me targa t\u00eb Kosov\u00ebs \u00ebsht\u00eb p\u00ebrmbysur n\u00eb lumin Lepenc. Makina ishte p\u00ebrmbysur pasditen e djeshme n\u00eb lumin Lepenc, n\u00eb pjes\u00ebn e Maqedonis\u00eb s\u00eb [&hellip;]<\/p>\n","protected":false},"author":1,"featured_media":151755,"comment_status":"closed","ping_status":"closed","sticky":false,"template":"","format":"standard","meta":{"footnotes":""},"categories":[5],"tags":[],"class_list":{"0":"post-151754","1":"post","2":"type-post","3":"status-publish","4":"format-standard","5":"has-post-thumbnail","7":"category-lajme"},"_links":{"self":[{"href":"https:\/\/radiostargjilan.com\/web\/wp-json\/wp\/v2\/posts\/151754","targetHints":{"allow":["GET"]}}],"collection":[{"href":"https:\/\/radiostargjilan.com\/web\/wp-json\/wp\/v2\/posts"}],"about":[{"href":"https:\/\/radiostargjilan.com\/web\/wp-json\/wp\/v2\/types\/post"}],"author":[{"embeddable":true,"href":"https:\/\/radiostargjilan.com\/web\/wp-json\/wp\/v2\/users\/1"}],"replies":[{"embeddable":true,"href":"https:\/\/radiostargjilan.com\/web\/wp-json\/wp\/v2\/comments?post=151754"}],"version-history":[{"count":0,"href":"https:\/\/radiostargjilan.com\/web\/wp-json\/wp\/v2\/posts\/151754\/revisions"}],"wp:featuredmedia":[{"embeddable":true,"href":"https:\/\/radiostargjilan.com\/web\/wp-json\/wp\/v2\/media\/151755"}],"wp:attachment":[{"href":"https:\/\/radiostargjilan.com\/web\/wp-json\/wp\/v2\/media?parent=151754"}],"wp:term":[{"taxonomy":"category","embeddable":true,"href":"https:\/\/radiostargjilan.com\/web\/wp-json\/wp\/v2\/categories?post=151754"},{"taxonomy":"post_tag","embeddable":true,"href":"https:\/\/radiostargjilan.com\/web\/wp-json\/wp\/v2\/tags?post=151754"}],"curies":[{"name":"wp","href":"https:\/\/api.w.org\/{rel}","templated":true}]}}