{"id":151951,"date":"2023-06-20T18:30:19","date_gmt":"2023-06-20T16:30:19","guid":{"rendered":"https:\/\/radiostargjilan.com\/web\/?p=151951"},"modified":"2023-06-20T18:30:45","modified_gmt":"2023-06-20T16:30:45","slug":"kurti-jam-i-gatshem-te-shkoj-ne-bruksel-per-ta-paraqitur-dokumentacionin-per-krimin-ndaj-tre-policeve","status":"publish","type":"post","link":"https:\/\/radiostargjilan.com\/web\/kurti-jam-i-gatshem-te-shkoj-ne-bruksel-per-ta-paraqitur-dokumentacionin-per-krimin-ndaj-tre-policeve\/","title":{"rendered":"Kurti: Jam i gatsh\u00ebm t\u00eb shkoj n\u00eb Bruksel p\u00ebr ta paraqitur dokumentacionin p\u00ebr krimin ndaj tre polic\u00ebve"},"content":{"rendered":"<p>Kryeministri Albin Kurti ka th\u00ebn\u00eb se \u00ebsht\u00eb i gatsh\u00ebm dhe i interesuar t\u00eb shkoj\u00eb n\u00eb takimin e ardhsh\u00ebn n\u00eb kuad\u00ebr t\u00eb dialogut n\u00eb Bruksel.<\/p>\n<p>Kurti n\u00eb nj\u00eb konferenc\u00eb ka th\u00ebn\u00eb se n\u00eb k\u00ebt\u00eb takim do ta paraqes\u00eb dokumentacionin p\u00ebr krimin q\u00eb \u00ebsht\u00eb kryer ndaj tre polic\u00ebve t\u00eb kidnapuar nga Serbia.<\/p>\n<p>\u201cUn\u00eb jam i gatsh\u00ebm dhe i interesuar q\u00eb t\u00eb shkoj n\u00eb takimin e ardhsh\u00ebm n\u00eb Bruksel, n\u00eb m\u00ebnyr\u00eb q\u00eb t\u00eb paraqes holl\u00ebsisht t\u00eb gjitha k\u00ebto t\u00eb dh\u00ebna t\u00eb cilat i mor\u00ebm dhe ta kuptojm\u00eb q\u00eb deeskalimi i situat\u00ebs q\u00eb po e k\u00ebrkojn\u00eb t\u00eb gjith\u00eb n\u00ebnkupton lirimin e menj\u00ebhersh\u00ebm dhe pa kusht t\u00eb tre polic\u00ebve dhe d\u00ebnimin e agresionit t\u00eb Serbis\u00eb n\u00eb Kosov\u00eb nd\u00ebrsa normalizimi n\u00ebnkupton zbatimin e menj\u00ebhersh\u00ebm, pa kushte dhe t\u00eb plot\u00eb t\u00eb Marr\u00ebveshjes Bazike. Pra un\u00eb jam shum\u00eb i interesuar t\u00eb paraqes t\u00eb gjith\u00eb dokumentacionin e Kosov\u00ebs p\u00ebr k\u00ebt\u00eb krim q\u00eb \u00ebsht\u00eb b\u00ebr\u00eb ndaj tre polic\u00ebve, ndaj familjeve t\u00eb tyre dhe ndaj Republik\u00ebs son\u00eb. Deeskalimi drejt paqes n\u00ebnkutpn drejt\u00ebsi dhe ne duam drejt\u00ebsi nd\u00ebrkomb\u00ebtare dhe jo vet\u00ebm vendore\u201d, tha Kurti.<\/p>\n","protected":false},"excerpt":{"rendered":"<p>Kryeministri Albin Kurti ka th\u00ebn\u00eb se \u00ebsht\u00eb i gatsh\u00ebm dhe i interesuar t\u00eb shkoj\u00eb n\u00eb takimin e ardhsh\u00ebn n\u00eb kuad\u00ebr t\u00eb dialogut n\u00eb Bruksel. Kurti n\u00eb nj\u00eb konferenc\u00eb ka th\u00ebn\u00eb se n\u00eb k\u00ebt\u00eb takim do ta paraqes\u00eb dokumentacionin p\u00ebr krimin q\u00eb \u00ebsht\u00eb kryer ndaj tre polic\u00ebve t\u00eb kidnapuar nga Serbia. \u201cUn\u00eb jam i gatsh\u00ebm dhe [&hellip;]<\/p>\n","protected":false},"author":1,"featured_media":151490,"comment_status":"closed","ping_status":"closed","sticky":false,"template":"","format":"standard","meta":{"footnotes":""},"categories":[5],"tags":[],"class_list":{"0":"post-151951","1":"post","2":"type-post","3":"status-publish","4":"format-standard","5":"has-post-thumbnail","7":"category-lajme"},"_links":{"self":[{"href":"https:\/\/radiostargjilan.com\/web\/wp-json\/wp\/v2\/posts\/151951","targetHints":{"allow":["GET"]}}],"collection":[{"href":"https:\/\/radiostargjilan.com\/web\/wp-json\/wp\/v2\/posts"}],"about":[{"href":"https:\/\/radiostargjilan.com\/web\/wp-json\/wp\/v2\/types\/post"}],"author":[{"embeddable":true,"href":"https:\/\/radiostargjilan.com\/web\/wp-json\/wp\/v2\/users\/1"}],"replies":[{"embeddable":true,"href":"https:\/\/radiostargjilan.com\/web\/wp-json\/wp\/v2\/comments?post=151951"}],"version-history":[{"count":0,"href":"https:\/\/radiostargjilan.com\/web\/wp-json\/wp\/v2\/posts\/151951\/revisions"}],"wp:featuredmedia":[{"embeddable":true,"href":"https:\/\/radiostargjilan.com\/web\/wp-json\/wp\/v2\/media\/151490"}],"wp:attachment":[{"href":"https:\/\/radiostargjilan.com\/web\/wp-json\/wp\/v2\/media?parent=151951"}],"wp:term":[{"taxonomy":"category","embeddable":true,"href":"https:\/\/radiostargjilan.com\/web\/wp-json\/wp\/v2\/categories?post=151951"},{"taxonomy":"post_tag","embeddable":true,"href":"https:\/\/radiostargjilan.com\/web\/wp-json\/wp\/v2\/tags?post=151951"}],"curies":[{"name":"wp","href":"https:\/\/api.w.org\/{rel}","templated":true}]}}