{"id":152148,"date":"2023-06-22T18:38:25","date_gmt":"2023-06-22T16:38:25","guid":{"rendered":"https:\/\/radiostargjilan.com\/web\/?p=152148"},"modified":"2023-06-22T18:38:25","modified_gmt":"2023-06-22T16:38:25","slug":"demtohet-rruga-ne-fshatin-kishnapole","status":"publish","type":"post","link":"https:\/\/radiostargjilan.com\/web\/demtohet-rruga-ne-fshatin-kishnapole\/","title":{"rendered":"D\u00ebmtohet rruga n\u00eb fshatin Kishnapole"},"content":{"rendered":"<p>V\u00ebshtir\u00ebsi t\u00eb m\u00ebdha jan\u00eb krijuar n\u00eb nj\u00eb pjes\u00eb t\u00eb rrug\u00ebs n\u00eb fshatin Kishnapole t\u00eb Gjilanit.<\/p>\n<p>Nga disa pamje t\u00eb siguruara nga Radio Star, shihen se si \u00ebsht\u00eb d\u00ebmtuar rruga n\u00eb at\u00eb pjes\u00eb t\u00eb fshatit Kishnapole, qytetar\u00ebt tregojn se tani ajo rrug\u00eb \u00ebsht\u00eb m\u00eb e frenkuentuar pas situatave t\u00eb fundit t\u00eb cilat po ndodhin n\u00eb vend.<\/p>\n<p>Qytetar\u00ebt apelojn t\u00eb merren masa n\u00eb at\u00eb pjes\u00eb t\u00eb rrug\u00ebs dhe t\u00eb sanohet problemi, pasi ajo po ju sh\u00ebrben shum\u00eb p\u00ebr t\u00eb marr\u00eb rrug\u00ebn drejt Prishtin\u00ebs.<\/p>\n<p>Radio Star Gjilan sjell\u00eb fotot e siguruara n\u00eb fshatin Kishnapole:<a href=\"https:\/\/radiostargjilan.com\/web\/wp-content\/uploads\/2023\/06\/839D2AC0-93F2-44AB-AB32-73DD52AA8600.png\"><img loading=\"lazy\" loading=\"lazy\" decoding=\"async\" src=\"https:\/\/radiostargjilan.com\/web\/wp-content\/uploads\/2023\/06\/839D2AC0-93F2-44AB-AB32-73DD52AA8600.png\" alt=\"\" width=\"1920\" height=\"1440\" class=\"alignnone size-full wp-image-152149\" srcset=\"https:\/\/radiostargjilan.com\/web\/wp-content\/uploads\/2023\/06\/839D2AC0-93F2-44AB-AB32-73DD52AA8600.png 1920w, https:\/\/radiostargjilan.com\/web\/wp-content\/uploads\/2023\/06\/839D2AC0-93F2-44AB-AB32-73DD52AA8600-300x225.png 300w, https:\/\/radiostargjilan.com\/web\/wp-content\/uploads\/2023\/06\/839D2AC0-93F2-44AB-AB32-73DD52AA8600-1024x768.png 1024w, https:\/\/radiostargjilan.com\/web\/wp-content\/uploads\/2023\/06\/839D2AC0-93F2-44AB-AB32-73DD52AA8600-768x576.png 768w, https:\/\/radiostargjilan.com\/web\/wp-content\/uploads\/2023\/06\/839D2AC0-93F2-44AB-AB32-73DD52AA8600-1536x1152.png 1536w, https:\/\/radiostargjilan.com\/web\/wp-content\/uploads\/2023\/06\/839D2AC0-93F2-44AB-AB32-73DD52AA8600-860x645.png 860w\" sizes=\"auto, (max-width: 1920px) 100vw, 1920px\" \/><\/a><\/p>\n<p><a href=\"https:\/\/radiostargjilan.com\/web\/wp-content\/uploads\/2023\/06\/FD0B2F79-8799-47EC-8F0C-63A14A43DDFF.png\"><img loading=\"lazy\" loading=\"lazy\" decoding=\"async\" src=\"https:\/\/radiostargjilan.com\/web\/wp-content\/uploads\/2023\/06\/FD0B2F79-8799-47EC-8F0C-63A14A43DDFF.png\" alt=\"\" width=\"1920\" height=\"1440\" class=\"alignnone size-full wp-image-152150\" srcset=\"https:\/\/radiostargjilan.com\/web\/wp-content\/uploads\/2023\/06\/FD0B2F79-8799-47EC-8F0C-63A14A43DDFF.png 1920w, https:\/\/radiostargjilan.com\/web\/wp-content\/uploads\/2023\/06\/FD0B2F79-8799-47EC-8F0C-63A14A43DDFF-300x225.png 300w, https:\/\/radiostargjilan.com\/web\/wp-content\/uploads\/2023\/06\/FD0B2F79-8799-47EC-8F0C-63A14A43DDFF-1024x768.png 1024w, https:\/\/radiostargjilan.com\/web\/wp-content\/uploads\/2023\/06\/FD0B2F79-8799-47EC-8F0C-63A14A43DDFF-768x576.png 768w, https:\/\/radiostargjilan.com\/web\/wp-content\/uploads\/2023\/06\/FD0B2F79-8799-47EC-8F0C-63A14A43DDFF-1536x1152.png 1536w, https:\/\/radiostargjilan.com\/web\/wp-content\/uploads\/2023\/06\/FD0B2F79-8799-47EC-8F0C-63A14A43DDFF-860x645.png 860w\" sizes=\"auto, (max-width: 1920px) 100vw, 1920px\" \/><\/a><\/p>\n","protected":false},"excerpt":{"rendered":"<p>V\u00ebshtir\u00ebsi t\u00eb m\u00ebdha jan\u00eb krijuar n\u00eb nj\u00eb pjes\u00eb t\u00eb rrug\u00ebs n\u00eb fshatin Kishnapole t\u00eb Gjilanit. Nga disa pamje t\u00eb siguruara nga Radio Star, shihen se si \u00ebsht\u00eb d\u00ebmtuar rruga n\u00eb at\u00eb pjes\u00eb t\u00eb fshatit Kishnapole, qytetar\u00ebt tregojn se tani ajo rrug\u00eb \u00ebsht\u00eb m\u00eb e frenkuentuar pas situatave t\u00eb fundit t\u00eb cilat po ndodhin n\u00eb vend. [&hellip;]<\/p>\n","protected":false},"author":1,"featured_media":152149,"comment_status":"closed","ping_status":"closed","sticky":false,"template":"","format":"standard","meta":{"footnotes":""},"categories":[5],"tags":[],"class_list":{"0":"post-152148","1":"post","2":"type-post","3":"status-publish","4":"format-standard","5":"has-post-thumbnail","7":"category-lajme"},"_links":{"self":[{"href":"https:\/\/radiostargjilan.com\/web\/wp-json\/wp\/v2\/posts\/152148","targetHints":{"allow":["GET"]}}],"collection":[{"href":"https:\/\/radiostargjilan.com\/web\/wp-json\/wp\/v2\/posts"}],"about":[{"href":"https:\/\/radiostargjilan.com\/web\/wp-json\/wp\/v2\/types\/post"}],"author":[{"embeddable":true,"href":"https:\/\/radiostargjilan.com\/web\/wp-json\/wp\/v2\/users\/1"}],"replies":[{"embeddable":true,"href":"https:\/\/radiostargjilan.com\/web\/wp-json\/wp\/v2\/comments?post=152148"}],"version-history":[{"count":0,"href":"https:\/\/radiostargjilan.com\/web\/wp-json\/wp\/v2\/posts\/152148\/revisions"}],"wp:featuredmedia":[{"embeddable":true,"href":"https:\/\/radiostargjilan.com\/web\/wp-json\/wp\/v2\/media\/152149"}],"wp:attachment":[{"href":"https:\/\/radiostargjilan.com\/web\/wp-json\/wp\/v2\/media?parent=152148"}],"wp:term":[{"taxonomy":"category","embeddable":true,"href":"https:\/\/radiostargjilan.com\/web\/wp-json\/wp\/v2\/categories?post=152148"},{"taxonomy":"post_tag","embeddable":true,"href":"https:\/\/radiostargjilan.com\/web\/wp-json\/wp\/v2\/tags?post=152148"}],"curies":[{"name":"wp","href":"https:\/\/api.w.org\/{rel}","templated":true}]}}