{"id":152797,"date":"2023-06-29T17:26:52","date_gmt":"2023-06-29T15:26:52","guid":{"rendered":"https:\/\/radiostargjilan.com\/web\/?p=152797"},"modified":"2023-06-29T17:57:44","modified_gmt":"2023-06-29T15:57:44","slug":"faton-isufi-dhe-florion-thaqi-sjellin-projektin-e-tyre-me-te-ri-qefe-qefe-kjo-dynja","status":"publish","type":"post","link":"https:\/\/radiostargjilan.com\/web\/faton-isufi-dhe-florion-thaqi-sjellin-projektin-e-tyre-me-te-ri-qefe-qefe-kjo-dynja\/","title":{"rendered":"Faton Isufi dhe Florion Thaqi, sjellin projektin e tyre m\u00eb t\u00eb ri \u201cQefe qefe kjo dynja\u201d"},"content":{"rendered":"<p>K\u00ebngetar\u00ebt Faton Isufi dhe Florion Thaqi dhe grupi muzikor \u2018Atalanta\u2019, kan\u00eb lansuar k\u00ebng\u00ebn e tyre m\u00eb t\u00eb re e cila titullohet \u201cQefe qefe kjo dynja\u201d.<\/p>\n<p>Projektit \u201cQefe qefe kjo dynja\u201d, titullohet projekti q\u00eb e kan\u00eb sjell dyshja, t\u00eb cil\u00ebn e kan\u00eb shoq\u00ebruar me videoklip dhe mund ta gjeni edhe n\u00eb Youtube.<\/p>\n<p>K\u00ebng\u00ebn t\u00eb cil\u00ebn e ka k\u00ebnduar dyshja gjilanase, \u00ebsht\u00eb nj\u00eb k\u00ebng\u00eb e vjet\u00ebr qytetare, e cila \u00ebsht\u00eb intepretuar edhe nga shum\u00eb artist\u00eb t\u00eb tjer\u00eb.<\/p>\n<p>Faton Isufi dhe Florion Thaqi, tani jan\u00eb dyshja m\u00eb e k\u00ebrkuar e momentit n\u00eb tregun kosovar n\u00ebp\u00ebr organizimet apo eventet e ndryshme.\/Radio Star\/<\/p>\n<p>VIDEO: <iframe loading=\"lazy\" width=\"1198\" height=\"632\" src=\"https:\/\/www.youtube.com\/embed\/ts0WzdGIGNA\" title=\"Fatoni &amp; Florioni &amp; Atalanta Band - Qefe qefe kjo dynja\" frameborder=\"0\" allow=\"accelerometer; autoplay; clipboard-write; encrypted-media; gyroscope; picture-in-picture; web-share\" allowfullscreen><\/iframe><\/p>\n","protected":false},"excerpt":{"rendered":"<p>K\u00ebngetar\u00ebt Faton Isufi dhe Florion Thaqi dhe grupi muzikor \u2018Atalanta\u2019, kan\u00eb lansuar k\u00ebng\u00ebn e tyre m\u00eb t\u00eb re e cila titullohet \u201cQefe qefe kjo dynja\u201d. Projektit \u201cQefe qefe kjo dynja\u201d, titullohet projekti q\u00eb e kan\u00eb sjell dyshja, t\u00eb cil\u00ebn e kan\u00eb shoq\u00ebruar me videoklip dhe mund ta gjeni edhe n\u00eb Youtube. K\u00ebng\u00ebn t\u00eb cil\u00ebn e [&hellip;]<\/p>\n","protected":false},"author":1,"featured_media":152798,"comment_status":"closed","ping_status":"closed","sticky":false,"template":"","format":"standard","meta":{"footnotes":""},"categories":[5],"tags":[],"class_list":{"0":"post-152797","1":"post","2":"type-post","3":"status-publish","4":"format-standard","5":"has-post-thumbnail","7":"category-lajme"},"_links":{"self":[{"href":"https:\/\/radiostargjilan.com\/web\/wp-json\/wp\/v2\/posts\/152797","targetHints":{"allow":["GET"]}}],"collection":[{"href":"https:\/\/radiostargjilan.com\/web\/wp-json\/wp\/v2\/posts"}],"about":[{"href":"https:\/\/radiostargjilan.com\/web\/wp-json\/wp\/v2\/types\/post"}],"author":[{"embeddable":true,"href":"https:\/\/radiostargjilan.com\/web\/wp-json\/wp\/v2\/users\/1"}],"replies":[{"embeddable":true,"href":"https:\/\/radiostargjilan.com\/web\/wp-json\/wp\/v2\/comments?post=152797"}],"version-history":[{"count":0,"href":"https:\/\/radiostargjilan.com\/web\/wp-json\/wp\/v2\/posts\/152797\/revisions"}],"wp:featuredmedia":[{"embeddable":true,"href":"https:\/\/radiostargjilan.com\/web\/wp-json\/wp\/v2\/media\/152798"}],"wp:attachment":[{"href":"https:\/\/radiostargjilan.com\/web\/wp-json\/wp\/v2\/media?parent=152797"}],"wp:term":[{"taxonomy":"category","embeddable":true,"href":"https:\/\/radiostargjilan.com\/web\/wp-json\/wp\/v2\/categories?post=152797"},{"taxonomy":"post_tag","embeddable":true,"href":"https:\/\/radiostargjilan.com\/web\/wp-json\/wp\/v2\/tags?post=152797"}],"curies":[{"name":"wp","href":"https:\/\/api.w.org\/{rel}","templated":true}]}}