{"id":152917,"date":"2023-07-01T22:21:44","date_gmt":"2023-07-01T20:21:44","guid":{"rendered":"https:\/\/radiostargjilan.com\/web\/?p=152917"},"modified":"2023-07-01T22:21:44","modified_gmt":"2023-07-01T20:21:44","slug":"be-masat-ndaj-kosoves-kane-hyre-ne-fuqi","status":"publish","type":"post","link":"https:\/\/radiostargjilan.com\/web\/be-masat-ndaj-kosoves-kane-hyre-ne-fuqi\/","title":{"rendered":"BE: Masat ndaj Kosov\u00ebs kan\u00eb hyr\u00eb n\u00eb fuqi"},"content":{"rendered":"<p>Bashkimi Evropian ka njoftuar se masat nd\u00ebshkuese ndaj Kosov\u00ebs kan\u00eb hyr\u00eb n\u00eb fuqi m\u00eb 28 qershor.<\/p>\n<p>N\u00eb nj\u00eb p\u00ebrgjigje p\u00ebr Klankosova.tv nga Bashkimi Evropian than\u00eb se tashm\u00eb \u00ebsht\u00eb pezulluar puna e organeve t\u00eb MSA-s\u00eb dhe programi i fondeve IPA.<\/p>\n<p>\u201cKemi pezulluar p\u00ebrkoh\u00ebsisht pun\u00ebn e organeve t\u00eb Marr\u00ebveshjes s\u00eb Stabilizim Asociimit. Kosova gjithashtu nuk do t\u00eb ftohet n\u00eb ngjarje t\u00eb nivelit t\u00eb lart\u00eb dhe vizitat dypal\u00ebshe do t\u00eb pezullohen, p\u00ebrve\u00e7 atyre t\u00eb fokusuara n\u00eb adresimin e kriz\u00ebs n\u00eb veri t\u00eb Kosov\u00ebs n\u00eb kuad\u00ebr t\u00eb Dialogut t\u00eb leht\u00ebsuar nga BE-ja. Programimi i fondeve p\u00ebr Kosov\u00ebn n\u00eb kuad\u00ebr t\u00eb ushtrimit programor IPA 2024 \u00ebsht\u00eb v\u00ebn\u00eb gjithashtu n\u00eb pritje\u201d.<\/p>\n<p>\u201cPropozimet e paraqitura nga Kosova n\u00eb kuad\u00ebr t\u00eb Korniz\u00ebs s\u00eb Investimeve t\u00eb Ballkanit Per\u00ebndimor (WBIF) nuk jan\u00eb dor\u00ebzuar p\u00ebr shqyrtim n\u00eb Bordin e WBIF m\u00eb 29-30 qershor. Komisioni ka njoftuar autoritetet e Kosov\u00ebs m\u00eb 28 qershor\u201d, thuhet n\u00eb p\u00ebrgjigjen e nj\u00eb z\u00ebdh\u00ebn\u00ebsi t\u00eb BE-s\u00eb.<\/p>\n<p>Tutje, ky z\u00ebdh\u00ebn\u00ebs tha se masat e marra ndaj Kosov\u00ebs jan\u00eb t\u00eb p\u00ebrkohshme n\u00eb var\u00ebsi t\u00eb zhvillimeve n\u00eb veri, teksa paralajm\u00ebroi se BE-ja po e monitoron edhe p\u00ebrmbushjen e k\u00ebrkesave nga Serbia.<\/p>\n<p>\u201cK\u00ebto masa jan\u00eb t\u00eb p\u00ebrkohshme dhe plot\u00ebsisht t\u00eb kthyeshme n\u00eb var\u00ebsi t\u00eb zhvillimeve n\u00eb terren dhe vendimeve p\u00ebr deeskalim t\u00eb marra nga kryeministri Kurti\u201d.<\/p>\n<p>\u201cBE-ja po monitoron gjithashtu nga af\u00ebr p\u00ebrmbushjen e k\u00ebrkesave tona nga Serbia dhe \u00ebsht\u00eb e gatshme t\u00eb marr\u00eb masa n\u00eb rast t\u00eb mosp\u00ebrputhjes\u201d, thuhet n\u00eb p\u00ebrgjigje, njofton Klankosova.tv.<\/p>\n<p>M\u00eb tej, ky z\u00ebdh\u00ebn\u00ebs tha se Bashkimi Evropian \u201cnuk mund t\u00eb p\u00ebrballoj\u00eb tensione e dhun\u00eb\u201d, teksa s\u00ebrish b\u00ebri thirrje p\u00ebr shtensionim t\u00eb situat\u00ebs duke i ndjekur tre hapat e propozuara nga BE-ja.<\/p>\n","protected":false},"excerpt":{"rendered":"<p>Bashkimi Evropian ka njoftuar se masat nd\u00ebshkuese ndaj Kosov\u00ebs kan\u00eb hyr\u00eb n\u00eb fuqi m\u00eb 28 qershor. N\u00eb nj\u00eb p\u00ebrgjigje p\u00ebr Klankosova.tv nga Bashkimi Evropian than\u00eb se tashm\u00eb \u00ebsht\u00eb pezulluar puna e organeve t\u00eb MSA-s\u00eb dhe programi i fondeve IPA. \u201cKemi pezulluar p\u00ebrkoh\u00ebsisht pun\u00ebn e organeve t\u00eb Marr\u00ebveshjes s\u00eb Stabilizim Asociimit. Kosova gjithashtu nuk do t\u00eb [&hellip;]<\/p>\n","protected":false},"author":1,"featured_media":152918,"comment_status":"closed","ping_status":"closed","sticky":false,"template":"","format":"standard","meta":{"footnotes":""},"categories":[5],"tags":[],"class_list":{"0":"post-152917","1":"post","2":"type-post","3":"status-publish","4":"format-standard","5":"has-post-thumbnail","7":"category-lajme"},"_links":{"self":[{"href":"https:\/\/radiostargjilan.com\/web\/wp-json\/wp\/v2\/posts\/152917","targetHints":{"allow":["GET"]}}],"collection":[{"href":"https:\/\/radiostargjilan.com\/web\/wp-json\/wp\/v2\/posts"}],"about":[{"href":"https:\/\/radiostargjilan.com\/web\/wp-json\/wp\/v2\/types\/post"}],"author":[{"embeddable":true,"href":"https:\/\/radiostargjilan.com\/web\/wp-json\/wp\/v2\/users\/1"}],"replies":[{"embeddable":true,"href":"https:\/\/radiostargjilan.com\/web\/wp-json\/wp\/v2\/comments?post=152917"}],"version-history":[{"count":0,"href":"https:\/\/radiostargjilan.com\/web\/wp-json\/wp\/v2\/posts\/152917\/revisions"}],"wp:featuredmedia":[{"embeddable":true,"href":"https:\/\/radiostargjilan.com\/web\/wp-json\/wp\/v2\/media\/152918"}],"wp:attachment":[{"href":"https:\/\/radiostargjilan.com\/web\/wp-json\/wp\/v2\/media?parent=152917"}],"wp:term":[{"taxonomy":"category","embeddable":true,"href":"https:\/\/radiostargjilan.com\/web\/wp-json\/wp\/v2\/categories?post=152917"},{"taxonomy":"post_tag","embeddable":true,"href":"https:\/\/radiostargjilan.com\/web\/wp-json\/wp\/v2\/tags?post=152917"}],"curies":[{"name":"wp","href":"https:\/\/api.w.org\/{rel}","templated":true}]}}