{"id":152948,"date":"2023-07-02T12:37:55","date_gmt":"2023-07-02T10:37:55","guid":{"rendered":"https:\/\/radiostargjilan.com\/web\/?p=152948"},"modified":"2023-07-02T12:37:55","modified_gmt":"2023-07-02T10:37:55","slug":"azemi-i-aak-se-i-kunderpergjigjet-kurtit-per-gjilanin-jeni-per-faqe-tzeze","status":"publish","type":"post","link":"https:\/\/radiostargjilan.com\/web\/azemi-i-aak-se-i-kunderpergjigjet-kurtit-per-gjilanin-jeni-per-faqe-tzeze\/","title":{"rendered":"Azemi i AAK-s\u00eb i kund\u00ebrp\u00ebrgjigjet Kurtit p\u00ebr Gjilanin: Jeni p\u00ebr faqe t\u2019zez\u00eb!"},"content":{"rendered":"<p>Sekretari i P\u00ebrgjithsh\u00ebm i AAK-s\u00eb n\u00eb Gjilan, Ardian Azemi, ka reaguar ndaj, si\u00e7 thot\u00eb ai, p\u00ebrpjekjeve t\u00eb kryeministrit Kurti p\u00ebr marrjen e meritave p\u00ebr projektet rrugore n\u00eb Komun\u00ebn e Gjilanit.<\/p>\n<p>Azemi ia ka rikujtuar qytetar\u00ebve t\u00eb Gjilanit projektet t\u00eb cilat jan\u00eb rezultat i nj\u00eb memorandumi t\u00eb mir\u00ebkuptimit p\u00ebr financimin e tyre qysh n\u00eb koh\u00ebn e qeveris\u00eb Haradinaj.<\/p>\n<p>Tutje Azemi ka th\u00ebn\u00eb se qeveria Kurti nuk \u00ebsht\u00eb as p\u00ebr shtetin e as p\u00ebr komunat, ajo \u00ebsht\u00eb p\u00ebr faqe t\u00eb zez\u00eb.<\/p>\n<p>\u201cKryeministri paska th\u00ebn\u00eb se Qeveria \u00ebsht\u00eb p\u00ebr Komunat. Jo kryeminist\u00ebr, qeveria t\u00eb cil\u00ebn ju e drejtoni, \u00ebsht\u00eb ve\u00e7 p\u00ebr faqe t\u2019zez\u00eb!\u201d, \u00ebsht\u00eb shprehur Azemi.<\/p>\n<p>Reagimi i plot\u00eb:<\/p>\n<p>Jo kryeminist\u00ebr, qeveria juaj nuk \u00ebsht\u00eb as p\u00ebr komunat e as p\u00ebr shtetin, ajo \u00ebsht\u00eb p\u00ebr faqe t\u2019zez\u00eb!<\/p>\n<p>Kryeministri i Kosov\u00ebs, Albin Kurti menj\u00ebher\u00eb pas konfirmimit nga BE-ja se sanksionet ndaj Kosov\u00ebs kan\u00eb hyr\u00eb n\u00eb fuqi, paska folur p\u00ebr rrug\u00ebn Gjilan-Bujanoc, p\u00ebrkat\u00ebsisht nga fabrika e baterive deri tek Bunari i P\u00ebrlepnic\u00ebs.<\/p>\n<p>N\u00eb vend se me i ardh\u00eb marre, ai paska fol\u00eb me mburrje.<\/p>\n<p>Q\u00eb nuk ka investime kapitale nga qeverisa Kurti, nuk besoj se ka nevoj\u00eb me vizatu, e kupton secili, p\u00ebrve\u00e7 trushp\u00ebrlar\u00ebve e servil\u00ebve t\u00eb pushtetit.<\/p>\n<p>P\u00ebr t\u00eb qen\u00eb sa m\u00eb i sakt\u00eb dhe real, e p\u00ebr me pa kush-\u00e7ka ka b\u00eb, un\u00eb po ju kthej pak mbrapa n\u00eb qeverin\u00eb Haradinaj n\u00eb t\u00eb cil\u00ebn jan\u00eb n\u00ebnshkruar memorandume bashk\u00ebpiunimi p\u00ebr financimin e nj\u00eb numri t\u00eb madh projektesh q\u00eb kan\u00eb t\u00eb b\u00ebjn\u00eb me infrastruktur\u00ebn rrugore p\u00ebr komun\u00ebn e Gjilanit.<\/p>\n<p>Pra, k\u00ebto jan\u00eb rrug\u00ebt t\u00eb cilat kan\u00eb marr\u00eb mb\u00ebshtetjen nga qeveria Haradinaj, jan\u00eb k\u00ebto:<\/p>\n<p>-Zgjerimi i hyrje-daljeve n\u00eb qytet: Gjilan \u2013 Prishtin\u00eb, Gjilan \u2013 Kllokot, me nj\u00eb kosto prej 8 milion\u00eb euro.<\/p>\n<p>-Vazhdimi i zgjerimit t\u00eb rrug\u00ebs nga rrethrrotullimi tek fabrika e baterive deri n\u00eb ky\u00e7je n\u00eb autostrad\u00eb, dmth tek Bunari i P\u00ebrlepnic\u00ebs, me nj\u00eb kosto prej 2 milion e 500 mij\u00eb euro.<\/p>\n<p>-Rruga \u201cSkifter Arifi\u201d<\/p>\n<p>-Rruga \u201c7 shtatori\u201d<\/p>\n<p>-Nd\u00ebrtimi dhe asfalltimi i \u201cRrug\u00ebs s\u00eb Kumanov\u00ebs\u201d me ky\u00e7je n\u00eb rrug\u00ebn e Zhegr\u00ebs<\/p>\n<p>-Rruga \u201cEnver Miftari\u201d tek Morava e Binq\u00ebs<\/p>\n<p>-Asfalltimi i rrug\u00ebs nga Zabeli deri n\u00eb Uglar<\/p>\n<p>K\u00ebto jan\u00eb rrug\u00ebt n\u00eb qytet t\u00eb cilat kan\u00eb qen\u00eb t\u00eb financuara nga qeveria Haradinaj.<\/p>\n<p>Nd\u00ebrsa, rrug\u00ebt n\u00ebp\u00ebr fshatra kan\u00eb qen\u00eb k\u00ebto:<\/p>\n<p>-Asfalltimi i rrug\u00ebs s\u00eb P\u00ebrlepnic\u00ebs, Penda dhe rrug\u00ebt an\u00ebsore<\/p>\n<p>-Asfalltimi i rrug\u00ebs n\u00eb C\u00ebrrnic\u00eb<\/p>\n<p>-Nd\u00ebrtimi dhe asfalltimi i rrug\u00ebs Dob\u00ebr\u00e7an-Pogragj\u00eb-Stublin\u00eb<\/p>\n<p>-Asfalltimi i rrug\u00ebs s\u00eb Malishev\u00ebs s\u00eb Ep\u00ebrme<\/p>\n<p>-Nd\u00ebrtimi i ur\u00ebs n\u00eb rrug\u00ebn Dob\u00ebr\u00e7an-Pogragj\u00eb.<\/p>\n<p>Pra, si Aleanc\u00eb nuk kemi reaguar e as rrahur gjoks p\u00ebr k\u00ebto projekte sepse tek e fundit \u00ebsht\u00eb obligim i kryeministrit dhe qeveris\u00eb me punu n\u00eb interest \u00eb qytetar\u00ebve, mir\u00ebpo kur e shohim se ka p\u00ebrpjekje p\u00ebrvet\u00ebsimi t\u00eb projekteve, at\u00ebher\u00eb e kemi p\u00ebr detyr\u00eb me reagu n\u00eb m\u00ebnyr\u00eb q\u00eb mos me leju me u mashtru qytetari.<\/p>\n<p>N\u00eb vend t\u00eb lavdrat\u00ebs, qeveria Kurti duhet me ju tregu qytetar\u00ebve t\u00eb Gjilanit pse ka aq shum\u00eb vonesa n\u00eb realizimin e k\u00ebtyre projketeve? \u00cbsht\u00eb detyr\u00eb e kryeministrit, e ministrit t\u00eb Infrastruktur\u00ebs dhe e kryetarit t\u00eb Komun\u00ebs me dal\u00eb e me ju tregu qytetar\u00ebve pse gjith\u00eb k\u00ebto vonesa p\u00ebr projektet e Gjilanit dhe t\u00eb Anamorav\u00ebs p\u00ebrgjith\u00ebsisht.<\/p>\n<p>Kryeministri paska th\u00ebn\u00eb se Qeveria \u00ebsht\u00eb p\u00ebr Komunat. Jo kryeminist\u00ebr, qeveria t\u00eb cil\u00ebn ju e drejtoni, \u00ebsht\u00eb ve\u00e7 p\u00ebr faqe t\u2019zez\u00eb!<\/p>\n","protected":false},"excerpt":{"rendered":"<p>Sekretari i P\u00ebrgjithsh\u00ebm i AAK-s\u00eb n\u00eb Gjilan, Ardian Azemi, ka reaguar ndaj, si\u00e7 thot\u00eb ai, p\u00ebrpjekjeve t\u00eb kryeministrit Kurti p\u00ebr marrjen e meritave p\u00ebr projektet rrugore n\u00eb Komun\u00ebn e Gjilanit. Azemi ia ka rikujtuar qytetar\u00ebve t\u00eb Gjilanit projektet t\u00eb cilat jan\u00eb rezultat i nj\u00eb memorandumi t\u00eb mir\u00ebkuptimit p\u00ebr financimin e tyre qysh n\u00eb koh\u00ebn e [&hellip;]<\/p>\n","protected":false},"author":1,"featured_media":152924,"comment_status":"closed","ping_status":"closed","sticky":false,"template":"","format":"standard","meta":{"footnotes":""},"categories":[5],"tags":[],"class_list":{"0":"post-152948","1":"post","2":"type-post","3":"status-publish","4":"format-standard","5":"has-post-thumbnail","7":"category-lajme"},"_links":{"self":[{"href":"https:\/\/radiostargjilan.com\/web\/wp-json\/wp\/v2\/posts\/152948","targetHints":{"allow":["GET"]}}],"collection":[{"href":"https:\/\/radiostargjilan.com\/web\/wp-json\/wp\/v2\/posts"}],"about":[{"href":"https:\/\/radiostargjilan.com\/web\/wp-json\/wp\/v2\/types\/post"}],"author":[{"embeddable":true,"href":"https:\/\/radiostargjilan.com\/web\/wp-json\/wp\/v2\/users\/1"}],"replies":[{"embeddable":true,"href":"https:\/\/radiostargjilan.com\/web\/wp-json\/wp\/v2\/comments?post=152948"}],"version-history":[{"count":0,"href":"https:\/\/radiostargjilan.com\/web\/wp-json\/wp\/v2\/posts\/152948\/revisions"}],"wp:featuredmedia":[{"embeddable":true,"href":"https:\/\/radiostargjilan.com\/web\/wp-json\/wp\/v2\/media\/152924"}],"wp:attachment":[{"href":"https:\/\/radiostargjilan.com\/web\/wp-json\/wp\/v2\/media?parent=152948"}],"wp:term":[{"taxonomy":"category","embeddable":true,"href":"https:\/\/radiostargjilan.com\/web\/wp-json\/wp\/v2\/categories?post=152948"},{"taxonomy":"post_tag","embeddable":true,"href":"https:\/\/radiostargjilan.com\/web\/wp-json\/wp\/v2\/tags?post=152948"}],"curies":[{"name":"wp","href":"https:\/\/api.w.org\/{rel}","templated":true}]}}