{"id":154254,"date":"2023-07-14T08:27:31","date_gmt":"2023-07-14T06:27:31","guid":{"rendered":"https:\/\/radiostargjilan.com\/web\/?p=154254"},"modified":"2023-07-14T08:27:31","modified_gmt":"2023-07-14T06:27:31","slug":"moti-sot-temperaturat-e-larta","status":"publish","type":"post","link":"https:\/\/radiostargjilan.com\/web\/moti-sot-temperaturat-e-larta\/","title":{"rendered":"Moti sot, temperaturat e larta"},"content":{"rendered":"<p>Instituti Hidrometeorologjik i Kosov\u00ebs ka njoftuar se sot do t\u00eb mbaj\u00eb mot me diell dhe vap\u00eb.<\/p>\n<p>Sipas IHK-s\u00eb, n\u00eb vlerat e temperaturave minimale parashihen rritje t\u00eb lehta, ku ato do t\u00eb sillen mes 15 dhe 18 grad\u00eb Celsius, nd\u00ebrsa maksimalet p\u00ebr 2-3 grad\u00eb parashihen t\u00eb ken\u00eb ulje.<\/p>\n<p>Ato do t\u00eb sillen mes 31 dhe 33 grad\u00eb Celsius.<\/p>\n<p>Do t\u00eb fryj\u00eb er\u00eb kryesisht nga juglindja e leht\u00eb deri mesatare.<\/p>\n","protected":false},"excerpt":{"rendered":"<p>Instituti Hidrometeorologjik i Kosov\u00ebs ka njoftuar se sot do t\u00eb mbaj\u00eb mot me diell dhe vap\u00eb. Sipas IHK-s\u00eb, n\u00eb vlerat e temperaturave minimale parashihen rritje t\u00eb lehta, ku ato do t\u00eb sillen mes 15 dhe 18 grad\u00eb Celsius, nd\u00ebrsa maksimalet p\u00ebr 2-3 grad\u00eb parashihen t\u00eb ken\u00eb ulje. Ato do t\u00eb sillen mes 31 dhe 33 [&hellip;]<\/p>\n","protected":false},"author":1,"featured_media":153953,"comment_status":"closed","ping_status":"closed","sticky":false,"template":"","format":"standard","meta":{"footnotes":""},"categories":[5],"tags":[],"class_list":{"0":"post-154254","1":"post","2":"type-post","3":"status-publish","4":"format-standard","5":"has-post-thumbnail","7":"category-lajme"},"_links":{"self":[{"href":"https:\/\/radiostargjilan.com\/web\/wp-json\/wp\/v2\/posts\/154254","targetHints":{"allow":["GET"]}}],"collection":[{"href":"https:\/\/radiostargjilan.com\/web\/wp-json\/wp\/v2\/posts"}],"about":[{"href":"https:\/\/radiostargjilan.com\/web\/wp-json\/wp\/v2\/types\/post"}],"author":[{"embeddable":true,"href":"https:\/\/radiostargjilan.com\/web\/wp-json\/wp\/v2\/users\/1"}],"replies":[{"embeddable":true,"href":"https:\/\/radiostargjilan.com\/web\/wp-json\/wp\/v2\/comments?post=154254"}],"version-history":[{"count":0,"href":"https:\/\/radiostargjilan.com\/web\/wp-json\/wp\/v2\/posts\/154254\/revisions"}],"wp:featuredmedia":[{"embeddable":true,"href":"https:\/\/radiostargjilan.com\/web\/wp-json\/wp\/v2\/media\/153953"}],"wp:attachment":[{"href":"https:\/\/radiostargjilan.com\/web\/wp-json\/wp\/v2\/media?parent=154254"}],"wp:term":[{"taxonomy":"category","embeddable":true,"href":"https:\/\/radiostargjilan.com\/web\/wp-json\/wp\/v2\/categories?post=154254"},{"taxonomy":"post_tag","embeddable":true,"href":"https:\/\/radiostargjilan.com\/web\/wp-json\/wp\/v2\/tags?post=154254"}],"curies":[{"name":"wp","href":"https:\/\/api.w.org\/{rel}","templated":true}]}}