{"id":154259,"date":"2023-07-14T08:29:53","date_gmt":"2023-07-14T06:29:53","guid":{"rendered":"https:\/\/radiostargjilan.com\/web\/?p=154259"},"modified":"2023-07-14T08:29:53","modified_gmt":"2023-07-14T06:29:53","slug":"rasti-i-klan-kosoves-mint-i-shtyn-afatin-per-shqyrtimin-e-ankeses-deri-me-28-korrik","status":"publish","type":"post","link":"https:\/\/radiostargjilan.com\/web\/rasti-i-klan-kosoves-mint-i-shtyn-afatin-per-shqyrtimin-e-ankeses-deri-me-28-korrik\/","title":{"rendered":"Rasti i Klan Kosov\u00ebs, MINT-i shtyn afatin p\u00ebr shqyrtimin e ankes\u00ebs deri m\u00eb 28 korrik"},"content":{"rendered":"<p>Komisioni p\u00ebr shqyrtimin e ankesave p\u00ebr Regjistrimin e Bizneseve i cili vepron n\u00eb kuad\u00ebr t\u00eb Ministris\u00eb s\u00eb Industris\u00eb, Nd\u00ebrmarr\u00ebsis\u00eb dhe Tregtis\u00eb ka vendosur q\u00eb ta shtyj\u00eb afatin p\u00ebr marrjen e vendimit rreth ankes\u00ebs s\u00eb Klan Kosov\u00ebs lidhur me pezullimin e certifikat\u00ebs s\u00eb saj t\u00eb biznesit.<\/p>\n<p>Ky mekaniz\u00ebm ka vendosur q\u00eb ta zgjas\u00eb afatin p\u00ebr shqyrtimin e ankes\u00ebs deri m\u00eb dat\u00ebn 28 korrik.<\/p>\n<p>N\u00eb arsyetimin e vendimit, komisioni n\u00eb fjal\u00eb thirret n\u00eb kompleksitetin e \u00e7\u00ebshtjes.<\/p>\n<p>Kurti i rrethuar nga mbrojtja e af\u00ebrt dhe ministrat e deputet\u00ebt e tij \u2013 pamje nga Kuvendi pas p\u00ebrleshjes<br \/>\nPDK d\u00ebnon ashp\u00ebr sulmin e z\u00ebvend\u00ebskryeministrit Bislimi ndaj deputetit Lushtaku<br \/>\nTelevizioni Klan Kosova pati dor\u00ebzuar ankes\u00eb m\u00eb 29 qershor pran\u00eb k\u00ebtij komisioni p\u00ebr pezullimin e certifikat\u00ebs s\u00eb biznesit m\u00eb dat\u00ebn 14 qershor.<\/p>\n<p>Vendimin p\u00ebr shtyrjen e afatit t\u00eb ankes\u00ebs s\u00eb Klan Kosov\u00ebs e mor\u00ebn an\u00ebtar\u00ebt e Komisionit p\u00ebr ankesa pran\u00eb MINT-it: Igballe Rexha-Jashari \u2013 kryesuese, Avdi Krasniqi \u2013 an\u00ebtar si dhe an\u00ebtarja tjet\u00ebr, Sebahate Bushrani.<\/p>\n<p><a href=\"https:\/\/radiostargjilan.com\/web\/wp-content\/uploads\/2023\/07\/image-103.webp\"><img loading=\"lazy\" loading=\"lazy\" decoding=\"async\" src=\"https:\/\/radiostargjilan.com\/web\/wp-content\/uploads\/2023\/07\/image-103.webp\" alt=\"\" width=\"652\" height=\"840\" class=\"alignnone size-full wp-image-154260\" srcset=\"https:\/\/radiostargjilan.com\/web\/wp-content\/uploads\/2023\/07\/image-103.webp 652w, https:\/\/radiostargjilan.com\/web\/wp-content\/uploads\/2023\/07\/image-103-233x300.webp 233w\" sizes=\"auto, (max-width: 652px) 100vw, 652px\" \/><\/a><\/p>\n","protected":false},"excerpt":{"rendered":"<p>Komisioni p\u00ebr shqyrtimin e ankesave p\u00ebr Regjistrimin e Bizneseve i cili vepron n\u00eb kuad\u00ebr t\u00eb Ministris\u00eb s\u00eb Industris\u00eb, Nd\u00ebrmarr\u00ebsis\u00eb dhe Tregtis\u00eb ka vendosur q\u00eb ta shtyj\u00eb afatin p\u00ebr marrjen e vendimit rreth ankes\u00ebs s\u00eb Klan Kosov\u00ebs lidhur me pezullimin e certifikat\u00ebs s\u00eb saj t\u00eb biznesit. Ky mekaniz\u00ebm ka vendosur q\u00eb ta zgjas\u00eb afatin p\u00ebr shqyrtimin [&hellip;]<\/p>\n","protected":false},"author":1,"featured_media":154261,"comment_status":"closed","ping_status":"closed","sticky":false,"template":"","format":"standard","meta":{"footnotes":""},"categories":[5],"tags":[],"class_list":{"0":"post-154259","1":"post","2":"type-post","3":"status-publish","4":"format-standard","5":"has-post-thumbnail","7":"category-lajme"},"_links":{"self":[{"href":"https:\/\/radiostargjilan.com\/web\/wp-json\/wp\/v2\/posts\/154259","targetHints":{"allow":["GET"]}}],"collection":[{"href":"https:\/\/radiostargjilan.com\/web\/wp-json\/wp\/v2\/posts"}],"about":[{"href":"https:\/\/radiostargjilan.com\/web\/wp-json\/wp\/v2\/types\/post"}],"author":[{"embeddable":true,"href":"https:\/\/radiostargjilan.com\/web\/wp-json\/wp\/v2\/users\/1"}],"replies":[{"embeddable":true,"href":"https:\/\/radiostargjilan.com\/web\/wp-json\/wp\/v2\/comments?post=154259"}],"version-history":[{"count":0,"href":"https:\/\/radiostargjilan.com\/web\/wp-json\/wp\/v2\/posts\/154259\/revisions"}],"wp:featuredmedia":[{"embeddable":true,"href":"https:\/\/radiostargjilan.com\/web\/wp-json\/wp\/v2\/media\/154261"}],"wp:attachment":[{"href":"https:\/\/radiostargjilan.com\/web\/wp-json\/wp\/v2\/media?parent=154259"}],"wp:term":[{"taxonomy":"category","embeddable":true,"href":"https:\/\/radiostargjilan.com\/web\/wp-json\/wp\/v2\/categories?post=154259"},{"taxonomy":"post_tag","embeddable":true,"href":"https:\/\/radiostargjilan.com\/web\/wp-json\/wp\/v2\/tags?post=154259"}],"curies":[{"name":"wp","href":"https:\/\/api.w.org\/{rel}","templated":true}]}}