{"id":155304,"date":"2023-07-27T10:42:58","date_gmt":"2023-07-27T08:42:58","guid":{"rendered":"https:\/\/radiostargjilan.com\/web\/?p=155304"},"modified":"2023-07-27T10:42:58","modified_gmt":"2023-07-27T08:42:58","slug":"drita-dhe-dukagjini-sonte-zbresin-ne-fushe-perballje-me-skuadra-te-medha-si-plzen-dhe-rijeka","status":"publish","type":"post","link":"https:\/\/radiostargjilan.com\/web\/drita-dhe-dukagjini-sonte-zbresin-ne-fushe-perballje-me-skuadra-te-medha-si-plzen-dhe-rijeka\/","title":{"rendered":"Drita dhe Dukagjini sonte zbresin n\u00eb fush\u00eb, p\u00ebrballje me skuadra t\u00eb m\u00ebdha si Plzen dhe Rijeka"},"content":{"rendered":"<p>Liga e Konferenc\u00ebs vazhdon sot, ku pas Ballkanit dy skuadra t\u00eb tjera kosovare zbresin n\u00eb fush\u00eb p\u00ebr t\u00eb luajtur n\u00eb rrethin e dyt\u00eb.<\/p>\n<p>Drita dhe Dukagjini jan\u00eb dy ekipet tjera kosovare q\u00eb luajn\u00eb n\u00eb Lig\u00ebn e Konferenc\u00ebs dhe sonte n\u00eb mbr\u00ebmje zhvillojn\u00eb ndeshjet e radh\u00ebs.<\/p>\n<p>Fillimisht nga ora 19:00, Drita do t\u00eb zbres n\u00eb fush\u00ebn e stadiumit Doosan Arena n\u00eb Plzen, p\u00ebr tu p\u00ebrballur me gjigantin \u00e7ek Viktoria Plzen.<\/p>\n<p>Vendasit jan\u00eb favorit n\u00eb let\u00ebr, mir\u00ebpo gjilanasit kan\u00eb udh\u00ebtuar p\u00ebr k\u00ebt\u00eb takim q\u00eb t\u00eb marrin rezultat pozitiv.<\/p>\n<p>E nj\u00eb or\u00eb m\u00eb von\u00eb, n\u00eb stadiumin \u2018Fadil Vokrri\u2019 n\u00eb Prishtin\u00eb do t\u00eb filloj dueli mes Dukagjinit dhe HNK Rijek\u00ebs.<\/p>\n<p>Klinasit pasi kaluan me sukses raundin e par\u00eb, do t\u00eb synojn\u00eb t\u00eb b\u00ebjn\u00eb t\u00eb nj\u00ebjt\u00ebn gj\u00eb edhe n\u00eb t\u00eb dytin.<\/p>\n<p>Synimi i skuadr\u00ebs klinase \u00ebsht\u00eb q\u00eb t\u00eb shfaq\u00eb loj\u00eb t\u00eb bukur dhe ta befasoj skuadr\u00ebn e madhe kroate q\u00eb gjithashtu \u00ebsht\u00eb favorit n\u00eb let\u00ebr. \/Gazeta Olle\/<\/p>\n","protected":false},"excerpt":{"rendered":"<p>Liga e Konferenc\u00ebs vazhdon sot, ku pas Ballkanit dy skuadra t\u00eb tjera kosovare zbresin n\u00eb fush\u00eb p\u00ebr t\u00eb luajtur n\u00eb rrethin e dyt\u00eb. Drita dhe Dukagjini jan\u00eb dy ekipet tjera kosovare q\u00eb luajn\u00eb n\u00eb Lig\u00ebn e Konferenc\u00ebs dhe sonte n\u00eb mbr\u00ebmje zhvillojn\u00eb ndeshjet e radh\u00ebs. Fillimisht nga ora 19:00, Drita do t\u00eb zbres n\u00eb fush\u00ebn [&hellip;]<\/p>\n","protected":false},"author":1,"featured_media":155305,"comment_status":"closed","ping_status":"closed","sticky":false,"template":"","format":"standard","meta":{"footnotes":""},"categories":[7],"tags":[],"class_list":{"0":"post-155304","1":"post","2":"type-post","3":"status-publish","4":"format-standard","5":"has-post-thumbnail","7":"category-sports"},"_links":{"self":[{"href":"https:\/\/radiostargjilan.com\/web\/wp-json\/wp\/v2\/posts\/155304","targetHints":{"allow":["GET"]}}],"collection":[{"href":"https:\/\/radiostargjilan.com\/web\/wp-json\/wp\/v2\/posts"}],"about":[{"href":"https:\/\/radiostargjilan.com\/web\/wp-json\/wp\/v2\/types\/post"}],"author":[{"embeddable":true,"href":"https:\/\/radiostargjilan.com\/web\/wp-json\/wp\/v2\/users\/1"}],"replies":[{"embeddable":true,"href":"https:\/\/radiostargjilan.com\/web\/wp-json\/wp\/v2\/comments?post=155304"}],"version-history":[{"count":0,"href":"https:\/\/radiostargjilan.com\/web\/wp-json\/wp\/v2\/posts\/155304\/revisions"}],"wp:featuredmedia":[{"embeddable":true,"href":"https:\/\/radiostargjilan.com\/web\/wp-json\/wp\/v2\/media\/155305"}],"wp:attachment":[{"href":"https:\/\/radiostargjilan.com\/web\/wp-json\/wp\/v2\/media?parent=155304"}],"wp:term":[{"taxonomy":"category","embeddable":true,"href":"https:\/\/radiostargjilan.com\/web\/wp-json\/wp\/v2\/categories?post=155304"},{"taxonomy":"post_tag","embeddable":true,"href":"https:\/\/radiostargjilan.com\/web\/wp-json\/wp\/v2\/tags?post=155304"}],"curies":[{"name":"wp","href":"https:\/\/api.w.org\/{rel}","templated":true}]}}