{"id":155706,"date":"2023-08-04T11:55:57","date_gmt":"2023-08-04T09:55:57","guid":{"rendered":"https:\/\/radiostargjilan.com\/web\/?p=155706"},"modified":"2023-08-04T11:55:57","modified_gmt":"2023-08-04T09:55:57","slug":"dardan-krivaqa-denohet-me-burgim-te-perjetshem-per-vrasjen-e-18-vjecares-arber-sejdiu-me-15-vite-burgim","status":"publish","type":"post","link":"https:\/\/radiostargjilan.com\/web\/dardan-krivaqa-denohet-me-burgim-te-perjetshem-per-vrasjen-e-18-vjecares-arber-sejdiu-me-15-vite-burgim\/","title":{"rendered":"Dardan Krivaqa d\u00ebnohet me burgim t\u00eb p\u00ebrjetsh\u00ebm p\u00ebr vrasjen e 18-vje\u00e7ares, Arb\u00ebr Sejdiu me 15 vite burgim"},"content":{"rendered":"<p>Gjykata Themelore e Ferizajt e ka d\u00ebnuar me burgim t\u00eb p\u00ebrjetsh\u00ebm Dardan Krivaq\u00ebn p\u00ebr vrasje e Marigona Osmanit. Nd\u00ebrsa \u00ebsht\u00eb liruar nga akuza p\u00ebr dhunim. Arb\u00ebr Sejdiu \u00ebsht\u00eb d\u00ebnuar me 15 vite burgim p\u00ebr ndihm\u00eb n\u00eb vrasjen e r\u00ebnd\u00eb n\u00eb bashk\u00ebkryerje.<\/p>\n<p>Sejdiu \u00ebsht\u00eb liruar nga vepra penale e ndihm\u00ebs n\u00eb dhunim, raporton \u201cBetimi p\u00ebr Drejt\u00ebsi\u201d.<\/p>\n<p>Sipas aktgjykimit, p\u00ebr vepr\u00ebn penale t\u00eb dhunimit dhe ndihm\u00eb n\u00eb kryerjen e dhunimit me asnj\u00eb prov\u00eb nuk \u00ebsht\u00eb v\u00ebrtetuar se kan\u00eb kryer k\u00ebto vepra penale.<\/p>\n<p>P\u00ebr Sejdiun \u00ebsht\u00eb b\u00ebr\u00eb rikualifikimi i vepr\u00ebs penale q\u00eb e ka qen\u00eb se n\u00eb bashk\u00ebkryerje ka kryer vrasje t\u00eb r\u00ebnd\u00eb n\u00eb ndihm\u00eb n\u00eb kryerjen e vepr\u00ebs penale vrasje e r\u00ebnd\u00eb.<\/p>\n<p>18 vje\u00e7arja Marigona Osmani u vra m\u00eb 22 gusht t\u00eb vitit 2021 n\u00eb banes\u00ebn e t\u00eb akuzuarit kryesor, Dardan Krivaqa, n\u00eb qytetin e Ferizajt.<\/p>\n<p>Sipas aktakuz\u00ebs, Dardan Krivaqa dyshohet se m\u00eb 21 gusht 2021, rreth or\u00ebs 10:14, n\u00eb banes\u00ebn e tij, pa p\u00eblqimin e tani t\u00eb ndjer\u00ebs Marigona Osmani, e kishte detyruar at\u00eb t\u00eb kryente marr\u00ebdh\u00ebnie seksuale dhe e kishte abuzuar e maltretuar n\u00eb forma t\u00eb ndryshme.<\/p>\n<p>Nj\u00eb dit\u00eb m\u00eb pas, m\u00eb 22 gusht 2021, Krivaqa dhe Sejdiu akuzohen se kan\u00eb privuar nga jeta Marigona Osmanin, n\u00eb p\u00ebrpjekje p\u00ebr t\u00eb fshehur vepr\u00ebn penale t\u00eb dhunimit.<\/p>\n<p>Nd\u00ebrkoh\u00eb, t\u00eb mart\u00ebn n\u00eb Gjykat\u00ebn Themelore t\u00eb Ferizajt \u00ebsht\u00eb dh\u00ebn\u00eb fjala p\u00ebrfundimtare, me \u00e7\u2019rast Prokuroria dhe mbrojtja e pal\u00ebs s\u00eb d\u00ebmtuar, kan\u00eb k\u00ebrkuar d\u00ebnimin e Dardan Krivaq\u00ebs dhe Arb\u00ebr Sejdiut, t\u00eb akuzuar p\u00ebr dhunimin dhe vrasjen e Marigona Osmanit.<\/p>\n<p>N\u00eb seanc\u00ebn e 24 janarit 2023, gjyqtari i \u00e7\u00ebshtjes Sahit Krasniqi, ka aprovuar propozimin e avokatit mbrojt\u00ebs, Admir Salihu, q\u00eb t\u00eb b\u00ebhej nj\u00eb ekzaminim psikiatrik ndaj Dardan Krivaq\u00ebs. Nd\u00ebrsa, n\u00eb raportin e ekzaminimit psikiatrik t\u00eb Institutit t\u00eb Forenzik\u00ebs, t\u00eb cilin e ka pranuar gjykata n\u00eb fjal\u00eb, \u00ebsht\u00eb konstatuar se i akuzuari p\u00ebr vrasjen e 18-vje\u00e7ares, nuk ka ndonj\u00eb \u00e7rregullim apo s\u00ebmundje mendore t\u00eb karakterit psikotik.<\/p>\n<p>M\u00eb 14 korrik 2022, \u00ebsht\u00eb mbajtur seanca fillestare ku Dardan Krivaqa ka shfryt\u00ebzuar t\u00eb drejt\u00ebn t\u00eb mbrohet n\u00eb heshtje, kurse Arb\u00ebr Sejdiu, \u00ebsht\u00eb deklaruar i pafajsh\u00ebm.<\/p>\n<p>Krivaq\u00ebn prokuroria e ngarkon me vepr\u00ebn penale vrasje e r\u00ebnd\u00eb dhe dhunim, kurse Sejdiu po akuzohet p\u00ebr vepr\u00ebn penale vrasje e r\u00ebnd\u00eb dhe ndihm\u00eb n\u00eb kryerjen e dhunimit.<\/p>\n<p>Sipas aktakuz\u00ebs, i pandehuri Dardan Krivaqa m\u00eb 21 gusht 2021, rreth or\u00ebs 10:14, n\u00eb banes\u00ebn e tij n\u00eb rrug\u00ebn \u201cRamadan Rexhepi\u201d, n\u00eb Ferizaj, pa p\u00eblqimin e tani t\u00eb ndjer\u00ebs Marigona Osmani, e kishte detyruar t\u00eb nj\u00ebjt\u00ebn p\u00ebr t\u00eb kryer marr\u00ebdh\u00ebnie seksuale, e cila si\u00e7 thuhet n\u00eb aktakuz\u00eb p\u00ebrcillet me tortura.<\/p>\n<p>Gjithnj\u00eb sipas aktakuz\u00ebs, aty thuhet se i pandehuri Krivaqa fillimisht pa d\u00ebshir\u00ebn e tani t\u00eb ndjer\u00ebs ka kryer marr\u00ebdh\u00ebnie seksuale n\u00eb sallon, pas kryerjes s\u00eb aktit seksual t\u00eb nj\u00ebjt\u00ebn t\u00eb zhveshur e kishte d\u00ebrguar n\u00eb banjo, nga aty me dhun\u00eb e kishte d\u00ebrguar n\u00eb dhom\u00ebn e gjumit, mir\u00ebpo me kalimin e koh\u00ebs p\u00ebr shkak t\u00eb gjendjes s\u00eb r\u00ebnd\u00eb sh\u00ebndet\u00ebsore tani e ndjera Marigona Osmani si pasoj\u00eb e dhun\u00ebs s\u00eb ushtruar kishte humbur aft\u00ebsin\u00eb p\u00ebr t\u00eb rezistuar, e ku n\u00eb dy raste n\u00eb mbr\u00ebmje kishin kryer marr\u00ebdh\u00ebnie seksuale, pastaj i pandehuri Dardan t\u00eb zhveshur e kishte d\u00ebrguar n\u00eb banj\u00eb, e ku i v\u00ebrehen edhe l\u00ebndimet n\u00eb trup.<\/p>\n<p>Me k\u00ebt\u00eb, akuzohet se ka kryer vepr\u00ebn penale \u201cDhunimi\u201d nga neni 227, par. 4, n\u00ebnpar 4.1, lidhur me par.1 t\u00eb Kodit Penal.<\/p>\n<p>Sipas dispozitivit t\u00eb dyt\u00eb t\u00eb k\u00ebsaj aktakuze, i pandehuri Arb\u00ebr Sejdiu m\u00eb 21 gusht 2021, n\u00eb banes\u00ebn e t\u00eb pandehurit t\u00eb par\u00eb n\u00eb rrug\u00ebn \u201cRamadan Rexhepi\u201d, n\u00eb Ferizaj, me dashje i kishte ndihmuar t\u00eb pandehurit Dardan Krivaqa n\u00eb kryerjen e vepr\u00ebs penale t\u00eb dhunimit.<\/p>\n<p>Sipas aktit akuzues thuhet se fillimisht dy t\u00eb pandehurit kishin kontaktuar p\u00ebrmes telefonit dhe ishin takuar n\u00eb qytet, pastaj s\u00eb bashku ishin kthyer n\u00eb banes\u00eb, ku i pandehuri Arb\u00ebr posa kishte arritur, duke qen\u00eb n\u00eb dijeni se i pandehuri Dardan \u00ebsht\u00eb duke e dhunuar tani t\u00eb ndjer\u00ebn Marigona Osmani, me dashje kishte marr\u00eb veprime me t\u00eb cilat leht\u00ebsohet kryerja e dhunimit.<\/p>\n<p>Tutje thuhet se dy t\u00eb pandehurit s\u00eb bashku kishin hyr\u00eb n\u00eb dhom\u00ebn ku kryhet dhunimi, e ku e ndjera ishte e zhveshur, e t\u00eb cilin veprim gjat\u00eb q\u00ebndrimit n\u00eb banes\u00eb e merr disa her\u00eb, po ashtu dhe gjat\u00eb asaj kohe kishte p\u00ebrcjell\u00eb gjendjen n\u00ebse ndonj\u00eb nga banor\u00ebt \u00ebsht\u00eb duke l\u00ebvizur aty pari.<\/p>\n<p>Si\u00e7 e p\u00ebrshkruan aktakuza, i pandehuri Arb\u00ebr Sejdiu po ashtu edhe disa her\u00eb kishte dal\u00eb nga banesa p\u00ebr t\u00eb bler\u00eb gj\u00ebra ushqimore, nd\u00ebrsa gjat\u00eb gjith\u00eb koh\u00ebs dy t\u00eb pandehurit kishin biseduar mes vete, k\u00ebshtu tutje, t\u00eb pandehurit Dardan Krivaqa i kishte dh\u00ebn\u00eb telefonin p\u00ebr t\u00eb thirr\u00eb kompanin\u00eb e cila menaxhon kamer\u00ebn, q\u00eb ishte e vendosur n\u00eb korridorin e banes\u00ebs me q\u00ebllim q\u00eb t\u00eb fshihen video-incizimet, gjegj\u00ebsisht provat e vepr\u00ebs penale.<\/p>\n<p>Me k\u00ebt\u00eb, Sejdiu akuzohet se ka kryer vepr\u00ebn penale \u201cNdihm\u00eb n\u00eb kryerjen e dhunimit\u201d nga neni 227, par 4, n\u00ebnpar. 4.1, lidhur me par. 1 dhe nenin 33 t\u00eb Kodit Penal.<\/p>\n<p>Kjo aktakuz\u00eb n\u00eb dispozitivin e III-t\u00eb, dy t\u00eb pandehurit Dardan Krivaqa dhe Arb\u00ebr Sejdiu i ngarkon p\u00ebr vepr\u00ebn penale t\u00eb vrasjes s\u00eb r\u00ebnd\u00eb n\u00eb bashk\u00ebkryerje.<\/p>\n<p>Aty thuhet se m\u00eb 22 gusht 2021, n\u00eb banes\u00ebn e t\u00eb pandehurit Dardan Krivaqa, n\u00eb rrug\u00ebn \u201cRamadan \u201cRexhepi\u201d, n\u00eb Ferizaj, me dashje dhe n\u00eb bashk\u00ebkryerje, me q\u00ebllim t\u00eb fshehjes s\u00eb vepr\u00ebs penale dhunimi e kan\u00eb privuar nga jeta tani t\u00eb ndjer\u00ebn Marigona Osmani, me t\u00eb cil\u00ebn i pandehuri i par\u00eb ishte n\u00eb bashk\u00ebsi jasht\u00ebmartesore.<\/p>\n<p>Tutje, sipas aktakuz\u00ebs, p\u00ebrshkruhet se n\u00eb intervale kohore nga ora 10:56 deri n\u00eb or\u00ebn 14:43, i pandehuri i par\u00eb kishte marr\u00eb nj\u00eb shkop, e s\u00eb bashku me t\u00eb pandehurin e dyt\u00eb kishin hyr\u00eb n\u00eb dhom\u00eb dhe kishin filluar ta godasin tani t\u00eb ndjer\u00ebn n\u00eb pjes\u00eb t\u00eb ndryshme t\u00eb trupit, me \u00e7\u2019rast t\u00eb nj\u00ebjt\u00ebs i kan\u00eb shkaktuar dhimbje t\u00eb m\u00ebdha fizike dhe psiqike, ku nga goditjet e nj\u00ebjta ka p\u00ebsuar politrauma-l\u00ebndime t\u00eb shum\u00ebfishta, ku vdekja shkaktohet drejtp\u00ebrdrejt nga asfiksia mekanike, si dhe shoku hemorragjik dhe traumatik, t\u00eb cilat jan\u00eb pasoj\u00eb e gjakderdhjes s\u00eb jashtme dhe gjakderdhjes s\u00eb brendshme, nga thyerja e ashtit t\u00eb nofull\u00ebs s\u00eb poshtme, thyerja e brinj\u00ebve, klavikul\u00ebs s\u00eb majt\u00eb, unazave t\u00eb qaf\u00ebs, gjakderdhjes epidurale dhe subdurale n\u00eb pjes\u00ebn e pasme t\u00eb trurit t\u00eb madh dhe n\u00eb trurin e vog\u00ebl, k\u00ebputje parciale t\u00eb palc\u00ebs s\u00eb kurrit n\u00eb qaf\u00eb, t\u00eb nj\u00ebjt\u00ebn e d\u00ebrgojn\u00eb n\u00eb Spitalin e P\u00ebrgjithsh\u00ebm \u2013 Qendr\u00ebn Emergjente n\u00eb Ferizaj dhe largohen nga aty.<\/p>\n<p>Me k\u00ebt\u00eb, akuzohen se n\u00eb bashk\u00ebkryerje kan\u00eb kryer vepr\u00ebn penale \u201cVrasja e r\u00ebnd\u00eb\u201d nga neni 173, par. 1, n\u00ebnpar. 1.3, 1.4 dhe 1.7, lidhur me nenin 31 t\u00eb Kodit Penal.<\/p>\n<p>Ndryshe, dosja e plot\u00eb e Prokuroris\u00eb, t\u00eb cil\u00ebn e ka siguruar \u201cBetimi p\u00ebr Drejt\u00ebsi\u201d, tregon n\u00eb detaje se si ka ndodhur i gjith\u00eb rasti. \/Betimip\u00ebrDrejt\u00ebsi<\/p>\n","protected":false},"excerpt":{"rendered":"<p>Gjykata Themelore e Ferizajt e ka d\u00ebnuar me burgim t\u00eb p\u00ebrjetsh\u00ebm Dardan Krivaq\u00ebn p\u00ebr vrasje e Marigona Osmanit. Nd\u00ebrsa \u00ebsht\u00eb liruar nga akuza p\u00ebr dhunim. Arb\u00ebr Sejdiu \u00ebsht\u00eb d\u00ebnuar me 15 vite burgim p\u00ebr ndihm\u00eb n\u00eb vrasjen e r\u00ebnd\u00eb n\u00eb bashk\u00ebkryerje. Sejdiu \u00ebsht\u00eb liruar nga vepra penale e ndihm\u00ebs n\u00eb dhunim, raporton \u201cBetimi p\u00ebr Drejt\u00ebsi\u201d. [&hellip;]<\/p>\n","protected":false},"author":1,"featured_media":155707,"comment_status":"closed","ping_status":"closed","sticky":false,"template":"","format":"standard","meta":{"footnotes":""},"categories":[117],"tags":[],"class_list":{"0":"post-155706","1":"post","2":"type-post","3":"status-publish","4":"format-standard","5":"has-post-thumbnail","7":"category-gjykata"},"_links":{"self":[{"href":"https:\/\/radiostargjilan.com\/web\/wp-json\/wp\/v2\/posts\/155706","targetHints":{"allow":["GET"]}}],"collection":[{"href":"https:\/\/radiostargjilan.com\/web\/wp-json\/wp\/v2\/posts"}],"about":[{"href":"https:\/\/radiostargjilan.com\/web\/wp-json\/wp\/v2\/types\/post"}],"author":[{"embeddable":true,"href":"https:\/\/radiostargjilan.com\/web\/wp-json\/wp\/v2\/users\/1"}],"replies":[{"embeddable":true,"href":"https:\/\/radiostargjilan.com\/web\/wp-json\/wp\/v2\/comments?post=155706"}],"version-history":[{"count":0,"href":"https:\/\/radiostargjilan.com\/web\/wp-json\/wp\/v2\/posts\/155706\/revisions"}],"wp:featuredmedia":[{"embeddable":true,"href":"https:\/\/radiostargjilan.com\/web\/wp-json\/wp\/v2\/media\/155707"}],"wp:attachment":[{"href":"https:\/\/radiostargjilan.com\/web\/wp-json\/wp\/v2\/media?parent=155706"}],"wp:term":[{"taxonomy":"category","embeddable":true,"href":"https:\/\/radiostargjilan.com\/web\/wp-json\/wp\/v2\/categories?post=155706"},{"taxonomy":"post_tag","embeddable":true,"href":"https:\/\/radiostargjilan.com\/web\/wp-json\/wp\/v2\/tags?post=155706"}],"curies":[{"name":"wp","href":"https:\/\/api.w.org\/{rel}","templated":true}]}}