{"id":155880,"date":"2023-08-07T23:39:07","date_gmt":"2023-08-07T21:39:07","guid":{"rendered":"https:\/\/radiostargjilan.com\/web\/?p=155880"},"modified":"2023-08-07T23:39:07","modified_gmt":"2023-08-07T21:39:07","slug":"policia-kerkon-ndihmen-e-qytetareve-per-kapjen-e-te-dyshuarit-per-vrasjen-e-sotme-ne-kline","status":"publish","type":"post","link":"https:\/\/radiostargjilan.com\/web\/policia-kerkon-ndihmen-e-qytetareve-per-kapjen-e-te-dyshuarit-per-vrasjen-e-sotme-ne-kline\/","title":{"rendered":"Policia k\u00ebrkon ndihm\u00ebn e qytetar\u00ebve p\u00ebr kapjen e t\u00eb dyshuarit p\u00ebr vrasjen e sotme n\u00eb Klin\u00eb"},"content":{"rendered":"<p>Njoftimi i plot\u00eb i Policis\u00eb:<\/p>\n<p>K\u00ebrkes\u00eb p\u00ebr bashk\u00ebpunim<\/p>\n<p>Pej\u00eb, 7 gusht 2023 <\/p>\n<p>Policia e Kosov\u00ebs &#8211; Drejtoria Rajonale e Policis\u00eb n\u00eb Pej\u00eb, bazuar n\u00eb ligj  p\u00ebr publikimin e fotos me sh\u00ebnime tjera t\u00eb personit t\u00eb k\u00ebrkuar m\u00eb autorizimin e Prokuroris\u00eb themelore n\u0451 Pej\u0451, me q\u00ebllim lokalizimin dhe rrjedhimisht arrestimin e tij, l\u00ebshon: K\u00ebrkes\u00eb p\u00ebr bashk\u00ebpunim me qytetar\u00ebt.<\/p>\n<p>Personi i k\u00ebrkuar \u00ebsht\u00eb: <\/p>\n<p>&#8211; TUSH (Nue) FRROKU  i lindur me 25.06.1975  n\u00eb fshati Kosh-Istog.<\/p>\n<p>I dyshuari \u00ebsht\u00eb i k\u00ebrkuar p\u00ebr vepr\u00ebn penale:<\/p>\n<p>&#8211; \u201cVrasje\u201d<br \/>\nPolicia e Kosov\u00ebs k\u00ebrkon nga qytetar\u00ebt e Republik\u00ebs s\u00eb Kosov\u00ebs q\u00eb kushdo q\u00eb ka informacion p\u00ebr vendndodhjen e personit t\u00eb dyshuar n\u00eb foton e bashkangjitur, t\u00eb lajm\u00ebroj\u00eb Policin\u00eb e Kosov\u00ebs apo t\u00eb lajm\u00ebrohet n\u00eb stacionin m\u00eb t\u00eb af\u00ebrt policor.<br \/>\nNumrat e telefonit dhe adresat elektronike kontaktuese p\u00ebr t\u00eb kontaktuar Policin\u00eb e Kosov\u00ebs:<\/p>\n<p>-192 dhe 080019999 (pa pages\u00eb)<br \/>\n-039 432 327-Drejtoria Rajonale Pej\u00eb<br \/>\n-E-mail adresa: info@kosovopolice.com<\/p>\n","protected":false},"excerpt":{"rendered":"<p>Njoftimi i plot\u00eb i Policis\u00eb: K\u00ebrkes\u00eb p\u00ebr bashk\u00ebpunim Pej\u00eb, 7 gusht 2023 Policia e Kosov\u00ebs &#8211; Drejtoria Rajonale e Policis\u00eb n\u00eb Pej\u00eb, bazuar n\u00eb ligj p\u00ebr publikimin e fotos me sh\u00ebnime tjera t\u00eb personit t\u00eb k\u00ebrkuar m\u00eb autorizimin e Prokuroris\u00eb themelore n\u0451 Pej\u0451, me q\u00ebllim lokalizimin dhe rrjedhimisht arrestimin e tij, l\u00ebshon: K\u00ebrkes\u00eb p\u00ebr bashk\u00ebpunim [&hellip;]<\/p>\n","protected":false},"author":1,"featured_media":155881,"comment_status":"closed","ping_status":"closed","sticky":false,"template":"","format":"standard","meta":{"footnotes":""},"categories":[116],"tags":[],"class_list":{"0":"post-155880","1":"post","2":"type-post","3":"status-publish","4":"format-standard","5":"has-post-thumbnail","7":"category-policia"},"_links":{"self":[{"href":"https:\/\/radiostargjilan.com\/web\/wp-json\/wp\/v2\/posts\/155880","targetHints":{"allow":["GET"]}}],"collection":[{"href":"https:\/\/radiostargjilan.com\/web\/wp-json\/wp\/v2\/posts"}],"about":[{"href":"https:\/\/radiostargjilan.com\/web\/wp-json\/wp\/v2\/types\/post"}],"author":[{"embeddable":true,"href":"https:\/\/radiostargjilan.com\/web\/wp-json\/wp\/v2\/users\/1"}],"replies":[{"embeddable":true,"href":"https:\/\/radiostargjilan.com\/web\/wp-json\/wp\/v2\/comments?post=155880"}],"version-history":[{"count":0,"href":"https:\/\/radiostargjilan.com\/web\/wp-json\/wp\/v2\/posts\/155880\/revisions"}],"wp:featuredmedia":[{"embeddable":true,"href":"https:\/\/radiostargjilan.com\/web\/wp-json\/wp\/v2\/media\/155881"}],"wp:attachment":[{"href":"https:\/\/radiostargjilan.com\/web\/wp-json\/wp\/v2\/media?parent=155880"}],"wp:term":[{"taxonomy":"category","embeddable":true,"href":"https:\/\/radiostargjilan.com\/web\/wp-json\/wp\/v2\/categories?post=155880"},{"taxonomy":"post_tag","embeddable":true,"href":"https:\/\/radiostargjilan.com\/web\/wp-json\/wp\/v2\/tags?post=155880"}],"curies":[{"name":"wp","href":"https:\/\/api.w.org\/{rel}","templated":true}]}}