{"id":156396,"date":"2023-08-19T12:32:22","date_gmt":"2023-08-19T10:32:22","guid":{"rendered":"https:\/\/radiostargjilan.com\/web\/?p=156396"},"modified":"2023-08-19T12:32:22","modified_gmt":"2023-08-19T10:32:22","slug":"anamorava-me-mbulueshmerine-me-te-ulet-ne-ujesjellesin-publik","status":"publish","type":"post","link":"https:\/\/radiostargjilan.com\/web\/anamorava-me-mbulueshmerine-me-te-ulet-ne-ujesjellesin-publik\/","title":{"rendered":"Anamorava me mbulueshm\u00ebrin\u00eb m\u00eb t\u00eb ul\u00ebt n\u00eb uj\u00ebsjell\u00ebsin publik"},"content":{"rendered":"<p>Publikimi i raportit \u201cNdikimi i investimeve kapitale n\u00eb zvog\u00eblimin e humbjeve t\u00eb ujit dhe zgjerimin e sh\u00ebrbimeve t\u00eb ujit tek qytetar\u00ebt nga Kompanit\u00eb Rajonale t\u00eb Uj\u00ebsjell\u00ebsit (KRU)\u201d, i Zyr\u00ebs Komb\u00ebtare t\u00eb Auditimit, b\u00ebn t\u00eb ditur se regjioni i Gjilanit, ka mbulueshm\u00ebrin\u00eb m\u00eb t\u00eb ul\u00ebt me sh\u00ebrbime t\u00eb ujit t\u00eb pijsh\u00ebm me vet\u00ebm 61% nga ana e KRU \u201cHidromorava\u201d, nga shtat\u00eb KRU-t\u00eb n\u00eb vend q\u00eb ofrojn\u00eb sh\u00ebrbime t\u00eb ujit.<\/p>\n<p>M\u00eb tej thuhet se numri i konsumator\u00ebve me sh\u00ebrbimet e ujit nga KRU Hidromorava, p\u00ebr vitin 2021 \u00ebsht\u00eb mbi 34 mij\u00eb apo 61% mbulueshm\u00ebri, duke e renditur t\u00eb fundit me kompanit\u00eb tjera t\u00eb ujit n\u00eb vend.<\/p>\n<p>Shih tabel\u00ebn:<\/p>\n<p><a href=\"https:\/\/radiostargjilan.com\/web\/wp-content\/uploads\/2023\/08\/IMG_8526.png\"><img loading=\"lazy\" loading=\"lazy\" decoding=\"async\" src=\"https:\/\/radiostargjilan.com\/web\/wp-content\/uploads\/2023\/08\/IMG_8526-300x187.png\" alt=\"\" width=\"300\" height=\"187\" class=\"alignnone size-medium wp-image-156397\" srcset=\"https:\/\/radiostargjilan.com\/web\/wp-content\/uploads\/2023\/08\/IMG_8526-300x187.png 300w, https:\/\/radiostargjilan.com\/web\/wp-content\/uploads\/2023\/08\/IMG_8526.png 679w\" sizes=\"auto, (max-width: 300px) 100vw, 300px\" \/><\/a><\/p>\n<p>Ky auditim ka p\u00ebrfshir\u00eb periudh\u00ebn 2019-2021. Aty po ashtu thek\u00ebsohet se KRU Hidromorava ballafaqohet n\u00eb vazhdim\u00ebsi me munges\u00eb t\u00eb ujit nga that\u00ebsia.<\/p>\n<p>Sipas gjetjeve t\u00eb auditimit theksohet se, rajoni i Gjilanit, i cili p\u00ebrfshin Kamenic\u00ebn dhe Vitin\u00eb p\u00ebr t\u00eb cilat \u00ebsht\u00eb p\u00ebrgjegj\u00ebse KRU Hidromorava, ishte p\u00ebrballur me that\u00ebsin\u00eb n\u00eb munges\u00eb t\u00eb ujit n\u00eb k\u00ebt\u00eb regjion duke ndikuar<br \/>\nk\u00ebshtu n\u00eb mbulimin me sh\u00ebrbime t\u00eb ujit.<\/p>\n<p>Shih grafikun:<\/p>\n<p><a href=\"https:\/\/radiostargjilan.com\/web\/wp-content\/uploads\/2023\/08\/IMG_8528.png\"><img loading=\"lazy\" loading=\"lazy\" decoding=\"async\" src=\"https:\/\/radiostargjilan.com\/web\/wp-content\/uploads\/2023\/08\/IMG_8528-300x226.png\" alt=\"\" width=\"300\" height=\"226\" class=\"alignnone size-medium wp-image-156398\" srcset=\"https:\/\/radiostargjilan.com\/web\/wp-content\/uploads\/2023\/08\/IMG_8528-300x226.png 300w, https:\/\/radiostargjilan.com\/web\/wp-content\/uploads\/2023\/08\/IMG_8528.png 700w\" sizes=\"auto, (max-width: 300px) 100vw, 300px\" \/><\/a><\/p>\n<p>Aktualisht vet\u00ebm 79% e popullat\u00ebs s\u00eb Kosov\u00ebs furnizohet me uj\u00eb t\u00eb pijsh\u00ebm nga kompanit\u00eb e licencuara. Regjioni i Gjilanit ka mbulueshm\u00ebrin\u00eb m\u00eb t\u00eb ul\u00ebt me sh\u00ebrbime t\u00eb ujit t\u00eb pijsh\u00ebm me 61%.<\/p>\n<p>ADVERTISEMENT<br \/>\nNd\u00ebrkaq, gjetje tjet\u00ebr ka dal se KRU Hidromorava, kishte p\u00ebrqindjen m\u00eb t\u00eb ult\u00eb t\u00eb investimeve kapitale prej 21% n\u00eb krahasim me ato t\u00eb planifikuara.<\/p>\n<p>\u201cMungesa e realizimit t\u00eb IK-ve p\u00ebr q\u00ebllimet e destinuara b\u00ebn\u00eb q\u00eb KRU Hidromorava t\u00eb vazhdoj\u00eb t\u00eb ballafaqohet me problemet e zgjerimit t\u00eb infrastruktur\u00ebs p\u00ebr mbulimin me sh\u00ebrbime sikurse parashihet. Nj\u00ebkoh\u00ebsisht mungesa e realizimit t\u00eb investimeve kapitale b\u00ebn\u00eb q\u00eb t\u00eb ket\u00eb p\u00ebrqindjen e nj\u00ebjt\u00eb t\u00eb humbjeve t\u00eb ujit dhe t\u00eb mos ket\u00eb synime p\u00ebr zvog\u00eblimin e tyre\u201d, thekson mes tjerash raporti.\/PlusTV\/<\/p>\n","protected":false},"excerpt":{"rendered":"<p>Publikimi i raportit \u201cNdikimi i investimeve kapitale n\u00eb zvog\u00eblimin e humbjeve t\u00eb ujit dhe zgjerimin e sh\u00ebrbimeve t\u00eb ujit tek qytetar\u00ebt nga Kompanit\u00eb Rajonale t\u00eb Uj\u00ebsjell\u00ebsit (KRU)\u201d, i Zyr\u00ebs Komb\u00ebtare t\u00eb Auditimit, b\u00ebn t\u00eb ditur se regjioni i Gjilanit, ka mbulueshm\u00ebrin\u00eb m\u00eb t\u00eb ul\u00ebt me sh\u00ebrbime t\u00eb ujit t\u00eb pijsh\u00ebm me vet\u00ebm 61% nga ana [&hellip;]<\/p>\n","protected":false},"author":1,"featured_media":156399,"comment_status":"closed","ping_status":"closed","sticky":false,"template":"","format":"standard","meta":{"footnotes":""},"categories":[5],"tags":[],"class_list":{"0":"post-156396","1":"post","2":"type-post","3":"status-publish","4":"format-standard","5":"has-post-thumbnail","7":"category-lajme"},"_links":{"self":[{"href":"https:\/\/radiostargjilan.com\/web\/wp-json\/wp\/v2\/posts\/156396","targetHints":{"allow":["GET"]}}],"collection":[{"href":"https:\/\/radiostargjilan.com\/web\/wp-json\/wp\/v2\/posts"}],"about":[{"href":"https:\/\/radiostargjilan.com\/web\/wp-json\/wp\/v2\/types\/post"}],"author":[{"embeddable":true,"href":"https:\/\/radiostargjilan.com\/web\/wp-json\/wp\/v2\/users\/1"}],"replies":[{"embeddable":true,"href":"https:\/\/radiostargjilan.com\/web\/wp-json\/wp\/v2\/comments?post=156396"}],"version-history":[{"count":0,"href":"https:\/\/radiostargjilan.com\/web\/wp-json\/wp\/v2\/posts\/156396\/revisions"}],"wp:featuredmedia":[{"embeddable":true,"href":"https:\/\/radiostargjilan.com\/web\/wp-json\/wp\/v2\/media\/156399"}],"wp:attachment":[{"href":"https:\/\/radiostargjilan.com\/web\/wp-json\/wp\/v2\/media?parent=156396"}],"wp:term":[{"taxonomy":"category","embeddable":true,"href":"https:\/\/radiostargjilan.com\/web\/wp-json\/wp\/v2\/categories?post=156396"},{"taxonomy":"post_tag","embeddable":true,"href":"https:\/\/radiostargjilan.com\/web\/wp-json\/wp\/v2\/tags?post=156396"}],"curies":[{"name":"wp","href":"https:\/\/api.w.org\/{rel}","templated":true}]}}