{"id":157136,"date":"2023-09-02T20:50:55","date_gmt":"2023-09-02T18:50:55","guid":{"rendered":"https:\/\/radiostargjilan.com\/web\/?p=157136"},"modified":"2023-09-02T20:50:55","modified_gmt":"2023-09-02T18:50:55","slug":"zyrtaret-policore-edhe-kete-muaj-pa-shtesa-te-rrezikshmerise","status":"publish","type":"post","link":"https:\/\/radiostargjilan.com\/web\/zyrtaret-policore-edhe-kete-muaj-pa-shtesa-te-rrezikshmerise\/","title":{"rendered":"Zyrtar\u00ebt policor\u00eb edhe k\u00ebt\u00eb muaj pa shtesa t\u00eb rrezikshm\u00ebris\u00eb"},"content":{"rendered":"<p>Mosekzekutimi i shtesave t\u00eb rrezikshm\u00ebris\u00eb p\u00ebr pjes\u00ebtar\u00ebt e Policis\u00eb s\u00eb Kosov\u00ebs, vazhdon t\u00eb mbetet nj\u00eb nd\u00ebr ankesat kryesore t\u00eb zyrtar\u00ebve policor\u00eb, raporton Gazeta Sinjali.<\/p>\n<p>Sinjali m\u00ebson se shtesat e rrezikshm\u00ebris\u00eb nuk jan\u00eb ekzekutuar as me pag\u00ebn e muajit gusht.<\/p>\n<p>Kujtojm\u00eb se kjo \u00ebsht\u00eb edhe nj\u00eb nd\u00ebr pak\u00ebnaq\u00ebsit\u00eb e shumta me kushtet e pun\u00ebs, q\u00eb po shtyjn\u00eb polic\u00ebt t\u00eb zhveshin uniform\u00ebn e Policis\u00eb.<\/p>\n<p>Vet\u00ebm k\u00ebt\u00eb gjat\u00eb k\u00ebtij viti, rreth 50 zyrtar\u00eb policor\u00eb kan\u00eb dh\u00ebn\u00eb dor\u00ebheqje vullnetare, teksa Sindikata e Policis\u00eb s\u00eb Kosov\u00ebs para m\u00eb shum\u00eb se nj\u00eb muaji ka filluar me veprime sindikale duke dor\u00ebzuar n\u00eb Kuvend nj\u00eb peticion, n\u00eb t\u00eb cilin kan\u00eb n\u00ebnshkruar 62% e pjes\u00ebtareve t\u00eb PK-s\u00eb.<\/p>\n<p>Polic\u00ebt m\u00eb par\u00eb, p\u00ebrve\u00e7 shtes\u00ebs p\u00ebr orar t\u00eb zgjatur, merrnin edhe shtesat p\u00ebr rrezikshm\u00ebri n\u00eb pun\u00eb sipas nj\u00eb rregulloreje t\u00eb brendshme t\u00eb Policis\u00eb, por me hyrjen n\u00eb fuqi t\u00eb Ligjit t\u00eb ri p\u00ebr Paga, k\u00ebto shtesa nuk u ekzekutuan asnj\u00ebher\u00eb m\u00eb, gj\u00eb q\u00eb nxiti edhe m\u00eb shum\u00eb pak\u00ebnaq\u00ebsi e ankesa te zyrtar\u00ebt policor\u00eb.<\/p>\n<p>Ligji p\u00ebr pagat ka hyr\u00eb n\u00eb fuqi m\u00eb 5 shkurt dhe \u00ebsht\u00eb p\u00ebrcaktuar koeficienti n\u00eb vler\u00eb prej 105 eurosh p\u00ebr vitin 2023.<\/p>\n","protected":false},"excerpt":{"rendered":"<p>Mosekzekutimi i shtesave t\u00eb rrezikshm\u00ebris\u00eb p\u00ebr pjes\u00ebtar\u00ebt e Policis\u00eb s\u00eb Kosov\u00ebs, vazhdon t\u00eb mbetet nj\u00eb nd\u00ebr ankesat kryesore t\u00eb zyrtar\u00ebve policor\u00eb, raporton Gazeta Sinjali. Sinjali m\u00ebson se shtesat e rrezikshm\u00ebris\u00eb nuk jan\u00eb ekzekutuar as me pag\u00ebn e muajit gusht. Kujtojm\u00eb se kjo \u00ebsht\u00eb edhe nj\u00eb nd\u00ebr pak\u00ebnaq\u00ebsit\u00eb e shumta me kushtet e pun\u00ebs, q\u00eb po [&hellip;]<\/p>\n","protected":false},"author":1,"featured_media":157137,"comment_status":"closed","ping_status":"closed","sticky":false,"template":"","format":"standard","meta":{"footnotes":""},"categories":[116],"tags":[],"class_list":{"0":"post-157136","1":"post","2":"type-post","3":"status-publish","4":"format-standard","5":"has-post-thumbnail","7":"category-policia"},"_links":{"self":[{"href":"https:\/\/radiostargjilan.com\/web\/wp-json\/wp\/v2\/posts\/157136","targetHints":{"allow":["GET"]}}],"collection":[{"href":"https:\/\/radiostargjilan.com\/web\/wp-json\/wp\/v2\/posts"}],"about":[{"href":"https:\/\/radiostargjilan.com\/web\/wp-json\/wp\/v2\/types\/post"}],"author":[{"embeddable":true,"href":"https:\/\/radiostargjilan.com\/web\/wp-json\/wp\/v2\/users\/1"}],"replies":[{"embeddable":true,"href":"https:\/\/radiostargjilan.com\/web\/wp-json\/wp\/v2\/comments?post=157136"}],"version-history":[{"count":0,"href":"https:\/\/radiostargjilan.com\/web\/wp-json\/wp\/v2\/posts\/157136\/revisions"}],"wp:featuredmedia":[{"embeddable":true,"href":"https:\/\/radiostargjilan.com\/web\/wp-json\/wp\/v2\/media\/157137"}],"wp:attachment":[{"href":"https:\/\/radiostargjilan.com\/web\/wp-json\/wp\/v2\/media?parent=157136"}],"wp:term":[{"taxonomy":"category","embeddable":true,"href":"https:\/\/radiostargjilan.com\/web\/wp-json\/wp\/v2\/categories?post=157136"},{"taxonomy":"post_tag","embeddable":true,"href":"https:\/\/radiostargjilan.com\/web\/wp-json\/wp\/v2\/tags?post=157136"}],"curies":[{"name":"wp","href":"https:\/\/api.w.org\/{rel}","templated":true}]}}