{"id":157246,"date":"2023-09-04T23:56:06","date_gmt":"2023-09-04T21:56:06","guid":{"rendered":"https:\/\/radiostargjilan.com\/web\/?p=157246"},"modified":"2023-09-04T23:56:06","modified_gmt":"2023-09-04T21:56:06","slug":"osmani-me-kurtin-kemi-debate-te-gjata-dhe-si-kursejme-kritikat-nganjehere-nuk-pajtohemi-me-jave-te-tera","status":"publish","type":"post","link":"https:\/\/radiostargjilan.com\/web\/osmani-me-kurtin-kemi-debate-te-gjata-dhe-si-kursejme-kritikat-nganjehere-nuk-pajtohemi-me-jave-te-tera\/","title":{"rendered":"Osmani: Me Kurtin kemi debate t\u00eb gjata dhe s\u2019i kursejm\u00eb kritikat, nganj\u00ebher\u00eb nuk pajtohemi me jav\u00eb t\u00eb t\u00ebra"},"content":{"rendered":"<p>Presidentja Vjosa Osmani ka folur lidhur me \u201cnuancat\u201d q\u00eb ka n\u00eb q\u00ebndrime me kryeministrin Albin Kurti, lidhur me tema t\u00eb caktuara.<\/p>\n<p>Osmani ka th\u00ebn\u00eb se me Kurtin kan\u00eb debate t\u00eb gjata dhe se ka raste kur nuk pajtohen me jav\u00eb t\u00eb t\u00ebra n\u00eb k\u00ebto debate, shkruan Gazeta Online Reporteri.net.<\/p>\n<p>\u201cNuk them q\u00eb kemi konflikte, ka nuanca, \u00ebsht\u00eb krejt\u00ebsisht normale. \u00ebsht\u00eb krejt\u00ebsisht normale q\u00eb ka nuanca p\u00ebr tema t\u00eb ndryshme, nga temat e brendshme te temat e diskutimeve, bashk\u00ebrendimeve me aletat\u00eb, mir\u00ebpo q\u00ebllimet i kemi t\u00eb nj\u00ebjta, sidomos rreth temave t\u00eb brendshme. Kemi debate t\u00eb gjata, nganj\u00ebher\u00eb nuk pajtohemi me jav\u00eb t\u00eb t\u00ebra n\u00eb k\u00ebto debate, por pastaj e arrijm\u00eb nj\u00eb pajtim\u201d, ka th\u00ebn\u00eb Osmani n\u00eb Top Chanel.<\/p>\n<p>Por, pavar\u00ebsisht k\u00ebtyre debateve, thot\u00eb se asnj\u00ebher\u00eb nuk e nd\u00ebrprejn\u00eb komunikimin.<br \/>\nOsmani ka th\u00ebn\u00eb se ajo dhe Kurti e respektojn\u00eb shum\u00eb mendimin e nj\u00ebri-tjetrit, por se as nuk i kursejn\u00eb kritikat.<\/p>\n<p>\u201cNe komunikojm\u00eb, nuk e nd\u00ebrprejm\u00eb komunikimin n\u00eb asnj\u00eb moment edhe kur kemi mospajtime t\u00eb m\u00ebdha. Kjo besoj se \u00ebsht\u00eb edhe formula e arritjes s\u00eb pajtimit dhe fakti q\u00eb e respektojm\u00eb shum\u00eb mendimin e nj\u00ebri tjetrit dhe besojm\u00eb n\u00eb q\u00ebllimet e p\u00ebrbashk\u00ebta q\u00eb kemi, q\u00eb jan\u00eb interesi i Kosov\u00ebs, interesi i qytetar\u00ebve t\u00eb saj, na sjell prap\u00eb n\u00eb nj\u00eb pik\u00eb t\u00eb p\u00ebrbashk\u00ebt, por as nuk i kursejm\u00eb kritikat t\u00eb them shum\u00eb sinqerisht\u201d, ka deklaruar Osmani.<\/p>\n","protected":false},"excerpt":{"rendered":"<p>Presidentja Vjosa Osmani ka folur lidhur me \u201cnuancat\u201d q\u00eb ka n\u00eb q\u00ebndrime me kryeministrin Albin Kurti, lidhur me tema t\u00eb caktuara. Osmani ka th\u00ebn\u00eb se me Kurtin kan\u00eb debate t\u00eb gjata dhe se ka raste kur nuk pajtohen me jav\u00eb t\u00eb t\u00ebra n\u00eb k\u00ebto debate, shkruan Gazeta Online Reporteri.net. \u201cNuk them q\u00eb kemi konflikte, ka [&hellip;]<\/p>\n","protected":false},"author":1,"featured_media":157247,"comment_status":"closed","ping_status":"closed","sticky":false,"template":"","format":"standard","meta":{"footnotes":""},"categories":[5],"tags":[],"class_list":{"0":"post-157246","1":"post","2":"type-post","3":"status-publish","4":"format-standard","5":"has-post-thumbnail","7":"category-lajme"},"_links":{"self":[{"href":"https:\/\/radiostargjilan.com\/web\/wp-json\/wp\/v2\/posts\/157246","targetHints":{"allow":["GET"]}}],"collection":[{"href":"https:\/\/radiostargjilan.com\/web\/wp-json\/wp\/v2\/posts"}],"about":[{"href":"https:\/\/radiostargjilan.com\/web\/wp-json\/wp\/v2\/types\/post"}],"author":[{"embeddable":true,"href":"https:\/\/radiostargjilan.com\/web\/wp-json\/wp\/v2\/users\/1"}],"replies":[{"embeddable":true,"href":"https:\/\/radiostargjilan.com\/web\/wp-json\/wp\/v2\/comments?post=157246"}],"version-history":[{"count":0,"href":"https:\/\/radiostargjilan.com\/web\/wp-json\/wp\/v2\/posts\/157246\/revisions"}],"wp:featuredmedia":[{"embeddable":true,"href":"https:\/\/radiostargjilan.com\/web\/wp-json\/wp\/v2\/media\/157247"}],"wp:attachment":[{"href":"https:\/\/radiostargjilan.com\/web\/wp-json\/wp\/v2\/media?parent=157246"}],"wp:term":[{"taxonomy":"category","embeddable":true,"href":"https:\/\/radiostargjilan.com\/web\/wp-json\/wp\/v2\/categories?post=157246"},{"taxonomy":"post_tag","embeddable":true,"href":"https:\/\/radiostargjilan.com\/web\/wp-json\/wp\/v2\/tags?post=157246"}],"curies":[{"name":"wp","href":"https:\/\/api.w.org\/{rel}","templated":true}]}}