{"id":157251,"date":"2023-09-05T09:08:25","date_gmt":"2023-09-05T07:08:25","guid":{"rendered":"https:\/\/radiostargjilan.com\/web\/?p=157251"},"modified":"2023-09-05T09:08:25","modified_gmt":"2023-09-05T07:08:25","slug":"temperaturat-per-sot-145","status":"publish","type":"post","link":"https:\/\/radiostargjilan.com\/web\/temperaturat-per-sot-145\/","title":{"rendered":"Temperaturat p\u00ebr sot"},"content":{"rendered":"<p>Instituti Hidrometeorologjik i Kosov\u00ebs ka njoftuar p\u00ebr motin q\u00eb do t\u00eb mbaj\u00eb sot dhe dit\u00ebve n\u00eb vazhdim n\u00eb vendin ton\u00eb, transmeton Gazeta Sinjali.<\/p>\n<p>\u201cE marte. Mot i vran\u00ebt dhe vende-vende me reshje shiu.Temperaturat minimale do t\u00eb l\u00ebvizin nd\u00ebrmjet10-12 grad\u00eb Celsius, nd\u00ebrsa maksimalet e dit\u00ebs parshihen t\u00eb l\u00ebvizin nd\u00ebrmjet 19-23 grad\u00eb Celsius. Do t\u00eb fryj\u00eb er\u00eb nga drejtimi i veriu me shpejt\u00ebsi 1-7m\/s.<\/p>\n<p>E merkur\u00eb .Mot me diell dhe vran\u00ebsira t\u00eb shp\u00ebrndara. Temperaturat minimale do t\u00eb l\u00ebvizin nd\u00ebrmjet 9-11 grad\u00eb Celsius, nd\u00ebrsa maksimalet e dit\u00ebs parahihen t\u00eb l\u00ebvizin nd\u00ebrmjet 22-26 grad\u00eb Celsius. Do t\u00eb fryj\u00eb er\u00eb nga drejtimi i verilindjes e leht\u00eb deri mesatare.<\/p>\n<p>E enjte- Mot kryesisht i ngjajshem me dit\u00ebn e merkur\u00eb dhe m\u00eb i ngroht\u00eb. Temperaturat minimale do t\u00eb l\u00ebvizin nd\u00ebrmjet10-12 grad\u00eb Celsius, nd\u00ebrsa maksimalet e dit\u00ebs parashihen \u00eb l\u00ebvizin nd\u00ebrmjet 24-28 grad\u00eb Celsius. Do t\u00eb fryj\u00eb er\u00eb e leht\u00eb deri mesatare nga drejtimi i veriut.<\/p>\n<p>T\u00eb premten. Dita e premte do t\u00eb jet\u00eb dita m\u00eb e nxeht\u00eb. Parashihen vranesira t\u00eb pakta kryesisht rrreth relievit malor. Temperatura minimale do t\u00eb l\u00ebvizin nd\u00ebrmjet 10-13 grad\u00eb Celsius, nd\u00ebrsa maksimalet e dit\u00ebs parashihen t\u00eb l\u00ebvizin nd\u00ebrmjet 25-29 grad\u00eb Celsius. Do t\u00eb fryj\u00eb er\u00eb e leht\u00eb kryesisht nga drejtimi i verilindjes.\u201d<\/p>\n","protected":false},"excerpt":{"rendered":"<p>Instituti Hidrometeorologjik i Kosov\u00ebs ka njoftuar p\u00ebr motin q\u00eb do t\u00eb mbaj\u00eb sot dhe dit\u00ebve n\u00eb vazhdim n\u00eb vendin ton\u00eb, transmeton Gazeta Sinjali. \u201cE marte. Mot i vran\u00ebt dhe vende-vende me reshje shiu.Temperaturat minimale do t\u00eb l\u00ebvizin nd\u00ebrmjet10-12 grad\u00eb Celsius, nd\u00ebrsa maksimalet e dit\u00ebs parshihen t\u00eb l\u00ebvizin nd\u00ebrmjet 19-23 grad\u00eb Celsius. Do t\u00eb fryj\u00eb er\u00eb [&hellip;]<\/p>\n","protected":false},"author":1,"featured_media":157252,"comment_status":"closed","ping_status":"closed","sticky":false,"template":"","format":"standard","meta":{"footnotes":""},"categories":[5],"tags":[],"class_list":{"0":"post-157251","1":"post","2":"type-post","3":"status-publish","4":"format-standard","5":"has-post-thumbnail","7":"category-lajme"},"_links":{"self":[{"href":"https:\/\/radiostargjilan.com\/web\/wp-json\/wp\/v2\/posts\/157251","targetHints":{"allow":["GET"]}}],"collection":[{"href":"https:\/\/radiostargjilan.com\/web\/wp-json\/wp\/v2\/posts"}],"about":[{"href":"https:\/\/radiostargjilan.com\/web\/wp-json\/wp\/v2\/types\/post"}],"author":[{"embeddable":true,"href":"https:\/\/radiostargjilan.com\/web\/wp-json\/wp\/v2\/users\/1"}],"replies":[{"embeddable":true,"href":"https:\/\/radiostargjilan.com\/web\/wp-json\/wp\/v2\/comments?post=157251"}],"version-history":[{"count":0,"href":"https:\/\/radiostargjilan.com\/web\/wp-json\/wp\/v2\/posts\/157251\/revisions"}],"wp:featuredmedia":[{"embeddable":true,"href":"https:\/\/radiostargjilan.com\/web\/wp-json\/wp\/v2\/media\/157252"}],"wp:attachment":[{"href":"https:\/\/radiostargjilan.com\/web\/wp-json\/wp\/v2\/media?parent=157251"}],"wp:term":[{"taxonomy":"category","embeddable":true,"href":"https:\/\/radiostargjilan.com\/web\/wp-json\/wp\/v2\/categories?post=157251"},{"taxonomy":"post_tag","embeddable":true,"href":"https:\/\/radiostargjilan.com\/web\/wp-json\/wp\/v2\/tags?post=157251"}],"curies":[{"name":"wp","href":"https:\/\/api.w.org\/{rel}","templated":true}]}}