{"id":158029,"date":"2023-09-19T16:49:36","date_gmt":"2023-09-19T14:49:36","guid":{"rendered":"https:\/\/radiostargjilan.com\/web\/?p=158029"},"modified":"2023-09-19T16:49:36","modified_gmt":"2023-09-19T14:49:36","slug":"ndalohen-dy-edukatoret-qe-dyshohet-se-rrahen-3-vjecarin-ne-cerdhe","status":"publish","type":"post","link":"https:\/\/radiostargjilan.com\/web\/ndalohen-dy-edukatoret-qe-dyshohet-se-rrahen-3-vjecarin-ne-cerdhe\/","title":{"rendered":"Ndalohen dy edukatoret q\u00eb dyshohet se rrah\u00ebn 3-vje\u00e7arin n\u00eb \u00e7erdhe"},"content":{"rendered":"<p>Policia e Kosov\u00ebs njofton se jan\u00eb ndaluar n\u00eb paraburgim 48 or\u00eb dy prej t\u00eb dyshuarave n\u00eb rastin e keqtrajtimit t\u00eb 3-vje\u00e7arit n\u00eb \u00e7erdhen \u201cG\u00ebzimi Yn\u00eb\u201d n\u00eb Fush\u00eb Kosov\u00eb.<\/p>\n<p>Sipas njoftimit, t\u00eb dyshuarat jan\u00eb N.M., 64-vje\u00e7are si dhe N.H., 56-vje\u00e7are, shkruan Reporteri.net.<\/p>\n<p>Ato jan\u00eb ndaluar n\u00ebn dyshimet p\u00ebr vepr\u00ebn penale \u201cKeqtrajtimi gjat\u00eb ushtrimit t\u00eb detyr\u00ebs zyrtare ose autorizimeve publike\u201d.<\/p>\n<p>\u201cPas p\u00ebrfundimit t\u00eb faz\u00ebs preliminare t\u00eb veprimeve hetimore, me rekomandimin e prokurorit t\u00eb shtetit, policia inicioi nj\u00eb hetim n\u00eb drejtim t\u00eb vepr\u00ebs penale \u201cKeqtrajtimi gjat\u00eb ushtrimit t\u00eb detyr\u00ebs zyrtare ose autorizimeve publike\u201d, dhe me aktvendim mbi ndalimin e personit t\u00eb dyshuar t\u00eb nxjerr\u00eb nga ana e prokurorit t\u00eb shtetit ndaj t\u00eb dyshuarave; N. M, fem\u00ebr, 64 vje\u00e7, shtetase e Republik\u00ebs s\u00eb Kosov\u00ebs, si dhe N. H, fem\u00ebr, 56 vje\u00e7, shtetase Republik\u00ebs s\u00eb Kosov\u00ebs, u shqiptua masa e ndalimit prej 48 or\u00ebsh\u201d, thuhet n\u00eb njoftimin e Policis\u00eb s\u00eb Kosov\u00ebs.<\/p>\n<p>Nj\u00eb dit\u00eb m\u00eb her\u00ebt, familjar\u00eb t\u00eb 3-vje\u00e7arit, publikuan n\u00eb rrjetet sociale, incizime nga kamerat e siguris\u00eb n\u00eb \u00e7erdhen \u201cG\u00ebzimi Yn\u00eb\u201d n\u00eb Fush\u00eb Kosov\u00eb, ku than\u00eb se shfaqen edukatoret duke ushtruar dhun\u00eb ndaj f\u00ebmij\u00ebs.<\/p>\n<p>Drejtori i Arsimit n\u00eb Fush\u00eb Kosov\u00eb, Fatlum Berisha, tha p\u00ebr mediat se edukatoret q\u00eb dyshohet t\u00eb jen\u00eb p\u00ebrfshir\u00eb n\u00eb k\u00ebt\u00eb rast do t\u00eb pezullohen nga puna pasi t\u00eb p\u00ebrfundojn\u00eb intervistimin n\u00eb polici. <\/p>\n","protected":false},"excerpt":{"rendered":"<p>Policia e Kosov\u00ebs njofton se jan\u00eb ndaluar n\u00eb paraburgim 48 or\u00eb dy prej t\u00eb dyshuarave n\u00eb rastin e keqtrajtimit t\u00eb 3-vje\u00e7arit n\u00eb \u00e7erdhen \u201cG\u00ebzimi Yn\u00eb\u201d n\u00eb Fush\u00eb Kosov\u00eb. Sipas njoftimit, t\u00eb dyshuarat jan\u00eb N.M., 64-vje\u00e7are si dhe N.H., 56-vje\u00e7are, shkruan Reporteri.net. Ato jan\u00eb ndaluar n\u00ebn dyshimet p\u00ebr vepr\u00ebn penale \u201cKeqtrajtimi gjat\u00eb ushtrimit t\u00eb detyr\u00ebs zyrtare [&hellip;]<\/p>\n","protected":false},"author":1,"featured_media":157989,"comment_status":"closed","ping_status":"closed","sticky":false,"template":"","format":"standard","meta":{"footnotes":""},"categories":[5],"tags":[],"class_list":{"0":"post-158029","1":"post","2":"type-post","3":"status-publish","4":"format-standard","5":"has-post-thumbnail","7":"category-lajme"},"_links":{"self":[{"href":"https:\/\/radiostargjilan.com\/web\/wp-json\/wp\/v2\/posts\/158029","targetHints":{"allow":["GET"]}}],"collection":[{"href":"https:\/\/radiostargjilan.com\/web\/wp-json\/wp\/v2\/posts"}],"about":[{"href":"https:\/\/radiostargjilan.com\/web\/wp-json\/wp\/v2\/types\/post"}],"author":[{"embeddable":true,"href":"https:\/\/radiostargjilan.com\/web\/wp-json\/wp\/v2\/users\/1"}],"replies":[{"embeddable":true,"href":"https:\/\/radiostargjilan.com\/web\/wp-json\/wp\/v2\/comments?post=158029"}],"version-history":[{"count":0,"href":"https:\/\/radiostargjilan.com\/web\/wp-json\/wp\/v2\/posts\/158029\/revisions"}],"wp:featuredmedia":[{"embeddable":true,"href":"https:\/\/radiostargjilan.com\/web\/wp-json\/wp\/v2\/media\/157989"}],"wp:attachment":[{"href":"https:\/\/radiostargjilan.com\/web\/wp-json\/wp\/v2\/media?parent=158029"}],"wp:term":[{"taxonomy":"category","embeddable":true,"href":"https:\/\/radiostargjilan.com\/web\/wp-json\/wp\/v2\/categories?post=158029"},{"taxonomy":"post_tag","embeddable":true,"href":"https:\/\/radiostargjilan.com\/web\/wp-json\/wp\/v2\/tags?post=158029"}],"curies":[{"name":"wp","href":"https:\/\/api.w.org\/{rel}","templated":true}]}}