{"id":158039,"date":"2023-09-19T20:41:21","date_gmt":"2023-09-19T18:41:21","guid":{"rendered":"https:\/\/radiostargjilan.com\/web\/?p=158039"},"modified":"2023-09-19T20:41:21","modified_gmt":"2023-09-19T18:41:21","slug":"qeveria-dhe-be-ja-nuk-pajtohen-per-asociacionin-cka-tash","status":"publish","type":"post","link":"https:\/\/radiostargjilan.com\/web\/qeveria-dhe-be-ja-nuk-pajtohen-per-asociacionin-cka-tash\/","title":{"rendered":"Qeveria dhe BE-ja nuk pajtohen p\u00ebr Asociacionin: \u00c7ka tash?"},"content":{"rendered":"<p>P\u00ebrkund\u00ebr thirrjes s\u00eb p\u00ebrs\u00ebritur t\u00eb Bashkimit Evropian q\u00eb Kosova t\u00eb nis\u00eb pun\u00ebn p\u00ebr themelimin e Asociacionit t\u00eb komunave me shumic\u00eb serbe, Qeveria e Kosov\u00ebs nuk shprehet e gatshme t\u00eb nd\u00ebrmarr\u00eb hapa n\u00eb k\u00ebt\u00eb drejtim \u2013 s\u00eb paku jo tash p\u00ebr tash.<\/p>\n<p>BE-ja k\u00ebrkoi t\u00eb mart\u00ebn q\u00eb puna p\u00ebr themelimin e k\u00ebtij asociacioni, t\u00eb nis\u00eb \u201cpa vonesa t\u00eb reja\u201d.<\/p>\n<p>Shefi i politik\u00ebs s\u00eb jashtme t\u00eb bllokut evropian, Josep Borrell, p\u00ebrs\u00ebriti po ashtu se Kosova dhe Serbia duhet ta zbatojn\u00eb Marr\u00ebveshjen baz\u00eb p\u00ebr normalizimin e marr\u00ebdh\u00ebnieve, bazuar n\u00eb vet\u00eb propozimin e BE-s\u00eb.<\/p>\n<p>Ky propozim k\u00ebrkon q\u00eb zbatimi t\u00eb nis\u00eb me \u201chapjen e procesit negociues p\u00ebr statutin e instrumenteve p\u00ebr vet\u00ebmenaxhim t\u00eb serb\u00ebve n\u00eb Kosov\u00eb\u201c \u2013 gj\u00eb q\u00eb n\u00ebnkupton Asociacionin e komunave me shumic\u00eb serbe.<\/p>\n<p>Propozimi u dha n\u00eb rundin e fundit t\u00eb bisedimeve midis Kosov\u00ebs dhe Serbis\u00eb, q\u00eb u mbajt jav\u00ebn e kaluar n\u00eb Bruksel, por q\u00eb, sipas diplomat\u00ebve t\u00eb BE-s\u00eb, u refuzua nga kryeministri i Kosov\u00ebs, Albin Kurti, dhe u pranua nga presidenti i Serbis\u00eb, Aleksandar Vu\u00e7iq.<\/p>\n<p>N\u00eb nj\u00eb deklarat\u00eb me shkrim dh\u00ebn\u00eb Radios Evropa e Lir\u00eb, z\u00ebdh\u00ebn\u00ebsi i Qeveris\u00eb s\u00eb Kosov\u00ebs, P\u00ebrparim Kryeziu, tha se \u201c\u00ebsht\u00eb gabim t\u00eb vendosen kusht\u00ebzime\u201d p\u00ebr zbatimin e Marr\u00ebveshjes baz\u00eb, kur as n\u00eb vet\u00eb tekstin e k\u00ebsaj marr\u00ebveshjeje \u201cnuk paraqiten kusht\u00ebzime\u201d.<\/p>\n<p>\u201cMarr\u00ebveshja baz\u00eb duhet t\u00eb zbatohet n\u00eb t\u00ebr\u00ebsi, pa vonesa, pa kushte. Madje, edhe n\u00eb Aneksin [e zbatimit t\u00eb marr\u00ebveshjes] thuhet qartazi se t\u00eb gjitha nenet zbatohen pavar\u00ebsisht nj\u00ebri-tjetrit\u201d, tha Kryeziu.<\/p>\n<p>Marr\u00ebveshja n\u00eb fjal\u00eb u arrit n\u00eb muajin shkurt n\u00eb Bruksel, nd\u00ebrsa p\u00ebr Aneksin e zbatimit t\u00eb saj pal\u00ebt u dakorduan n\u00eb muajin mars n\u00eb Oh\u00ebr.<\/p>\n<p>Marr\u00ebveshja me 11 nene parasheh, mes tjerash, nj\u00eb nivel t\u00eb vet\u00ebmenaxhimit p\u00ebr komunitetin serb n\u00eb Kosov\u00eb dhe njohje t\u00eb nd\u00ebrsjell\u00eb t\u00eb simboleve shtet\u00ebrore, nd\u00ebrsa k\u00ebrkon nga Prishtina dhe Beogradi q\u00eb t\u2019i zbatojn\u00eb, po ashtu, t\u00eb gjitha marr\u00ebveshjet e m\u00ebhershme t\u00eb dialogut.<\/p>\n<p>P\u00ebr formimin e Asociacionit t\u00eb komunave me shumic\u00eb serbe, Kosova dhe Serbia kan\u00eb arritur marr\u00ebveshje qysh n\u00eb vitin 2013.<\/p>\n<p>P\u00ebrkund\u00ebr k\u00ebrkesave t\u00eb vazhdueshme t\u00eb nd\u00ebrkomb\u00ebtar\u00ebve dhe t\u00eb Serbis\u00eb, Kosova nuk e ka zbatuar kurr\u00eb at\u00eb marr\u00ebveshje, nga frika se mund t\u00eb ndikoj\u00eb n\u00eb funksionalitetin e shtetit.<\/p>\n<p>Kurti, n\u00eb disa raste, ka th\u00ebn\u00eb se nuk mund t\u00eb lejoj\u00eb themelimin e nj\u00eb asociacioni nj\u00ebetnik, i cili do t\u00eb kishte kompetenca ekzekutive, si\u00e7 k\u00ebrkon Beogradi.<\/p>\n<p>Pas p\u00ebrfundimit t\u00eb bisedimeve pa ndonj\u00eb rezultat, jav\u00ebn e kaluar, Kurti ka th\u00ebn\u00eb se \u201ckusht\u00ebzimi i Serbis\u00eb\u201d p\u00ebr formimin e Asociacionit \u201c\u00ebsht\u00eb shnd\u00ebrruar n\u00eb q\u00ebndrim t\u00eb emisar\u00ebve t\u00eb BE-s\u00eb\u201d.<\/p>\n<p>Duke folur n\u00eb nj\u00eb konferenc\u00eb me gazetar\u00eb, nj\u00eb dit\u00eb m\u00eb her\u00ebt, ai tha se i d\u00ebrguari i posa\u00e7\u00ebm i BE-s\u00eb p\u00ebr dialogun Kosov\u00eb-Serbi, Mirosllav Laj\u00e7ak, \u00ebsht\u00eb \u201cpozicionuar kund\u00ebr Kosov\u00ebs\u201d n\u00eb takimin e 14 shtatorit.<\/p>\n<p>Kurti, po ashtu, tha se n\u00eb dit\u00ebt n\u00eb vazhdim do t\u00eb ket\u00eb takime me \u201ct\u00eb gjith\u00eb faktor\u00ebt nd\u00ebrkomb\u00ebtar\u00eb, t\u00eb cil\u00ebt e kan\u00eb pranuar shtetin e Kosov\u00ebs\u201d.\/REL<\/p>\n","protected":false},"excerpt":{"rendered":"<p>P\u00ebrkund\u00ebr thirrjes s\u00eb p\u00ebrs\u00ebritur t\u00eb Bashkimit Evropian q\u00eb Kosova t\u00eb nis\u00eb pun\u00ebn p\u00ebr themelimin e Asociacionit t\u00eb komunave me shumic\u00eb serbe, Qeveria e Kosov\u00ebs nuk shprehet e gatshme t\u00eb nd\u00ebrmarr\u00eb hapa n\u00eb k\u00ebt\u00eb drejtim \u2013 s\u00eb paku jo tash p\u00ebr tash. BE-ja k\u00ebrkoi t\u00eb mart\u00ebn q\u00eb puna p\u00ebr themelimin e k\u00ebtij asociacioni, t\u00eb nis\u00eb \u201cpa [&hellip;]<\/p>\n","protected":false},"author":1,"featured_media":158040,"comment_status":"closed","ping_status":"closed","sticky":false,"template":"","format":"standard","meta":{"footnotes":""},"categories":[5],"tags":[],"class_list":{"0":"post-158039","1":"post","2":"type-post","3":"status-publish","4":"format-standard","5":"has-post-thumbnail","7":"category-lajme"},"_links":{"self":[{"href":"https:\/\/radiostargjilan.com\/web\/wp-json\/wp\/v2\/posts\/158039","targetHints":{"allow":["GET"]}}],"collection":[{"href":"https:\/\/radiostargjilan.com\/web\/wp-json\/wp\/v2\/posts"}],"about":[{"href":"https:\/\/radiostargjilan.com\/web\/wp-json\/wp\/v2\/types\/post"}],"author":[{"embeddable":true,"href":"https:\/\/radiostargjilan.com\/web\/wp-json\/wp\/v2\/users\/1"}],"replies":[{"embeddable":true,"href":"https:\/\/radiostargjilan.com\/web\/wp-json\/wp\/v2\/comments?post=158039"}],"version-history":[{"count":0,"href":"https:\/\/radiostargjilan.com\/web\/wp-json\/wp\/v2\/posts\/158039\/revisions"}],"wp:featuredmedia":[{"embeddable":true,"href":"https:\/\/radiostargjilan.com\/web\/wp-json\/wp\/v2\/media\/158040"}],"wp:attachment":[{"href":"https:\/\/radiostargjilan.com\/web\/wp-json\/wp\/v2\/media?parent=158039"}],"wp:term":[{"taxonomy":"category","embeddable":true,"href":"https:\/\/radiostargjilan.com\/web\/wp-json\/wp\/v2\/categories?post=158039"},{"taxonomy":"post_tag","embeddable":true,"href":"https:\/\/radiostargjilan.com\/web\/wp-json\/wp\/v2\/tags?post=158039"}],"curies":[{"name":"wp","href":"https:\/\/api.w.org\/{rel}","templated":true}]}}