{"id":158210,"date":"2023-09-22T12:27:07","date_gmt":"2023-09-22T10:27:07","guid":{"rendered":"https:\/\/radiostargjilan.com\/web\/?p=158210"},"modified":"2023-09-22T12:27:07","modified_gmt":"2023-09-22T10:27:07","slug":"hapet-thirrja-per-subvencionimin-e-pajisjeve-eficente-per-ngrohje-ky-eshte-linku","status":"publish","type":"post","link":"https:\/\/radiostargjilan.com\/web\/hapet-thirrja-per-subvencionimin-e-pajisjeve-eficente-per-ngrohje-ky-eshte-linku\/","title":{"rendered":"Hapet thirrja p\u00ebr subvencionimin e pajisjeve efi\u00e7ente p\u00ebr ngrohje, ky \u00ebsht\u00eb linku"},"content":{"rendered":"<p>Ministrja e Ekonomis\u00eb, Artane Rizvanolli ka njoftuar se kan\u00eb hapur thirrjen p\u00ebr subvencionimin e pajisjeve efi\u00e7ente p\u00ebr ngrohje.<\/p>\n<p>Ajo tha se prioritet u \u00ebsht\u00eb dh\u00ebn\u00eb familjeve n\u00eb mb\u00ebshtetje t\u00eb asistenc\u00ebs sociale (kategoria I &#038; II), si dhe prind\u00ebrve vetushqyes.<\/p>\n<p>\u201cSapo kemi hapur thirrjen e re p\u00ebr subvencionim t\u00eb pajisjeve efi\u00e7ente p\u00ebr ngrohje me p\u00ebrkrahje t\u00eb Bashkimit Evropian.<\/p>\n<p>Nga kjo thirrje mund t\u00eb p\u00ebrfitojn\u00eb t\u00eb gjitha familjet e p\u00ebrkrahje t\u00eb ve\u00e7ant\u00eb u kemi dh\u00ebn\u00eb familjeve n\u00eb mb\u00ebshtetje t\u00eb asistenc\u00ebs sociale (kategoria I &#038; II), si dhe prind\u00ebrve vetushqyes.<\/p>\n<p>Ju ftojm\u00eb t\u00eb aplikoni p\u00ebr t\u00eb p\u00ebrfituar nga subvencioni dhe p\u00ebr t\u00eb ulur faturat e energjis\u00eb!<\/p>\n<p>\ud83d\udd17 Linku p\u00ebr aplikim: https:\/\/rks-gov.net\/Service\/32 <\/p>\n<p>\ud83d\udd17 M\u00eb shum\u00eb info: https:\/\/me.rks-gov.net\/shpallje-2\/ \u201c, thuhet n\u00eb njoftim. <\/p>\n","protected":false},"excerpt":{"rendered":"<p>Ministrja e Ekonomis\u00eb, Artane Rizvanolli ka njoftuar se kan\u00eb hapur thirrjen p\u00ebr subvencionimin e pajisjeve efi\u00e7ente p\u00ebr ngrohje. Ajo tha se prioritet u \u00ebsht\u00eb dh\u00ebn\u00eb familjeve n\u00eb mb\u00ebshtetje t\u00eb asistenc\u00ebs sociale (kategoria I &#038; II), si dhe prind\u00ebrve vetushqyes. \u201cSapo kemi hapur thirrjen e re p\u00ebr subvencionim t\u00eb pajisjeve efi\u00e7ente p\u00ebr ngrohje me p\u00ebrkrahje t\u00eb [&hellip;]<\/p>\n","protected":false},"author":1,"featured_media":158211,"comment_status":"closed","ping_status":"closed","sticky":false,"template":"","format":"standard","meta":{"footnotes":""},"categories":[5],"tags":[],"class_list":{"0":"post-158210","1":"post","2":"type-post","3":"status-publish","4":"format-standard","5":"has-post-thumbnail","7":"category-lajme"},"_links":{"self":[{"href":"https:\/\/radiostargjilan.com\/web\/wp-json\/wp\/v2\/posts\/158210","targetHints":{"allow":["GET"]}}],"collection":[{"href":"https:\/\/radiostargjilan.com\/web\/wp-json\/wp\/v2\/posts"}],"about":[{"href":"https:\/\/radiostargjilan.com\/web\/wp-json\/wp\/v2\/types\/post"}],"author":[{"embeddable":true,"href":"https:\/\/radiostargjilan.com\/web\/wp-json\/wp\/v2\/users\/1"}],"replies":[{"embeddable":true,"href":"https:\/\/radiostargjilan.com\/web\/wp-json\/wp\/v2\/comments?post=158210"}],"version-history":[{"count":0,"href":"https:\/\/radiostargjilan.com\/web\/wp-json\/wp\/v2\/posts\/158210\/revisions"}],"wp:featuredmedia":[{"embeddable":true,"href":"https:\/\/radiostargjilan.com\/web\/wp-json\/wp\/v2\/media\/158211"}],"wp:attachment":[{"href":"https:\/\/radiostargjilan.com\/web\/wp-json\/wp\/v2\/media?parent=158210"}],"wp:term":[{"taxonomy":"category","embeddable":true,"href":"https:\/\/radiostargjilan.com\/web\/wp-json\/wp\/v2\/categories?post=158210"},{"taxonomy":"post_tag","embeddable":true,"href":"https:\/\/radiostargjilan.com\/web\/wp-json\/wp\/v2\/tags?post=158210"}],"curies":[{"name":"wp","href":"https:\/\/api.w.org\/{rel}","templated":true}]}}