{"id":158213,"date":"2023-09-22T12:55:27","date_gmt":"2023-09-22T10:55:27","guid":{"rendered":"https:\/\/radiostargjilan.com\/web\/?p=158213"},"modified":"2023-09-22T12:55:27","modified_gmt":"2023-09-22T10:55:27","slug":"svecla-urdhri-per-hedhjen-e-granates-ne-veri-erdhi-nga-vuciqi","status":"publish","type":"post","link":"https:\/\/radiostargjilan.com\/web\/svecla-urdhri-per-hedhjen-e-granates-ne-veri-erdhi-nga-vuciqi\/","title":{"rendered":"Sve\u00e7la: Urdhri p\u00ebr hedhjen e granat\u00ebs n\u00eb veri erdhi nga Vu\u00e7iqi"},"content":{"rendered":"<p>Ministri i Brendsh\u00ebm, Xhelal Sve\u00e7la, ka th\u00ebn\u00eb se hedhja e granat\u00ebs ushtarake e dor\u00ebs nga \u2018grupet kriminale\u2019 nuk mund t\u00eb zmbraps\u00eb drejt\u00ebsin\u00eb.<\/p>\n<p>Sve\u00e7la, theksoi se \u201curdhri p\u00ebr k\u00ebt\u00eb akt kriminal ka ardhur nga ish Ministri i Propagand\u00ebs n\u00eb koh\u00ebn e Millosheviqit, Aleksandar Vu\u00e7iq\u201d.<\/p>\n<p>\u201cKrimet e kryera gjat\u00eb luft\u00ebs n\u00eb Kosov\u00eb do t\u00eb ndiqen deri n\u00eb fund nd\u00ebrsa hedhja e granat\u00ebs ushtarake t\u00eb dor\u00ebs nga grupet kriminale nuk mund t\u00eb zmbraps\u00eb drejt\u00ebsin\u00eb\u201d, shkroi Sve\u00e7la.<\/p>\n<p>Ai potencoi se hedhja e granat\u00ebs \u00ebsht\u00eb b\u00ebr\u00eb n\u00eb shenj\u00eb revolte t\u00eb arrestimit t\u00eb tre serb\u00ebve p\u00ebr krime t\u00eb kryera ndaj popullat\u00ebs civile gjat\u00eb luft\u00ebs n\u00eb Kosov\u00eb.<\/p>\n<p>\u201cNga nj\u00ebsit\u00eb relevante t\u00eb Policis\u00eb s\u00eb Kosov\u00ebs pas nj\u00eb angazhimi t\u00eb gjat\u00eb e me dyshime t\u00eb bazuara, jan\u00eb arrestuar 3 qytetar\u00eb serb\u00eb p\u00ebr krime t\u00eb kryera ndaj popullat\u00ebs civile gjat\u00eb luft\u00ebs n\u00eb Kosov\u00eb. T\u00eb nj\u00ebjtit dyshohet t\u00eb ken\u00eb qen\u00eb bashk\u00ebpun\u00ebtor\u00eb n\u00eb tortura, plagosje, vrasje, d\u00ebbim, dhe masakra ndaj shqiptar\u00ebve n\u00eb Vushtrri, fshatrat e saj p\u00ebrreth dhe n\u00eb Burgun e Smrekovnic\u00ebs\u201d, shkroi Sve\u00e7la.<\/p>\n<p>\u201cN\u00eb shenj\u00eb revolte ndaj arrestimit t\u00eb k\u00ebtyre personave, si mesazh ndaj drejt\u00ebsis\u00eb son\u00eb dhe me q\u00ebllim t\u00eb shkaktimit t\u00eb terrorit tek qytetar\u00ebt tan\u00eb, grupe kriminale mbr\u00ebm\u00eb kan\u00eb hedhur granat\u00eb dore ushtarake n\u00eb Lagjen e Boshnjak\u00ebve\u201d.<\/p>\n<p>\u201cInspirimi, mb\u00ebshtetja dhe urdhri p\u00ebr k\u00ebt\u00eb akt kriminal ka ardhur nga ish Ministri i Propagand\u00ebs n\u00eb koh\u00ebn e Millosheviqit, Aleksandar Vu\u00e7iq. Serbia ka kryer gjenocid n\u00eb Kosov\u00eb. Serbia me n\u00eb krye Vu\u00e7iqin, jo vet\u00ebm q\u00eb nuk e pranon k\u00ebt\u00eb fakt, por glorifikon kriminel\u00ebt e luft\u00ebs. D\u00ebshmia e q\u00ebndrimit t\u00eb saj t\u00eb pandryshuar \u00ebsht\u00eb vet\u00eb planifikimi i aktit t\u00eb hedhjes s\u00eb granat\u00ebs\u201d, deklaroi ministri Xhelal Sve\u00e7la.<\/p>\n","protected":false},"excerpt":{"rendered":"<p>Ministri i Brendsh\u00ebm, Xhelal Sve\u00e7la, ka th\u00ebn\u00eb se hedhja e granat\u00ebs ushtarake e dor\u00ebs nga \u2018grupet kriminale\u2019 nuk mund t\u00eb zmbraps\u00eb drejt\u00ebsin\u00eb. Sve\u00e7la, theksoi se \u201curdhri p\u00ebr k\u00ebt\u00eb akt kriminal ka ardhur nga ish Ministri i Propagand\u00ebs n\u00eb koh\u00ebn e Millosheviqit, Aleksandar Vu\u00e7iq\u201d. \u201cKrimet e kryera gjat\u00eb luft\u00ebs n\u00eb Kosov\u00eb do t\u00eb ndiqen deri n\u00eb [&hellip;]<\/p>\n","protected":false},"author":1,"featured_media":158214,"comment_status":"closed","ping_status":"closed","sticky":false,"template":"","format":"standard","meta":{"footnotes":""},"categories":[5],"tags":[],"class_list":{"0":"post-158213","1":"post","2":"type-post","3":"status-publish","4":"format-standard","5":"has-post-thumbnail","7":"category-lajme"},"_links":{"self":[{"href":"https:\/\/radiostargjilan.com\/web\/wp-json\/wp\/v2\/posts\/158213","targetHints":{"allow":["GET"]}}],"collection":[{"href":"https:\/\/radiostargjilan.com\/web\/wp-json\/wp\/v2\/posts"}],"about":[{"href":"https:\/\/radiostargjilan.com\/web\/wp-json\/wp\/v2\/types\/post"}],"author":[{"embeddable":true,"href":"https:\/\/radiostargjilan.com\/web\/wp-json\/wp\/v2\/users\/1"}],"replies":[{"embeddable":true,"href":"https:\/\/radiostargjilan.com\/web\/wp-json\/wp\/v2\/comments?post=158213"}],"version-history":[{"count":0,"href":"https:\/\/radiostargjilan.com\/web\/wp-json\/wp\/v2\/posts\/158213\/revisions"}],"wp:featuredmedia":[{"embeddable":true,"href":"https:\/\/radiostargjilan.com\/web\/wp-json\/wp\/v2\/media\/158214"}],"wp:attachment":[{"href":"https:\/\/radiostargjilan.com\/web\/wp-json\/wp\/v2\/media?parent=158213"}],"wp:term":[{"taxonomy":"category","embeddable":true,"href":"https:\/\/radiostargjilan.com\/web\/wp-json\/wp\/v2\/categories?post=158213"},{"taxonomy":"post_tag","embeddable":true,"href":"https:\/\/radiostargjilan.com\/web\/wp-json\/wp\/v2\/tags?post=158213"}],"curies":[{"name":"wp","href":"https:\/\/api.w.org\/{rel}","templated":true}]}}