{"id":158523,"date":"2023-09-25T22:28:06","date_gmt":"2023-09-25T20:28:06","guid":{"rendered":"https:\/\/radiostargjilan.com\/web\/?p=158523"},"modified":"2023-09-25T22:28:06","modified_gmt":"2023-09-25T20:28:06","slug":"publikohen-pamjet-kur-terroristet-serbe-ikin-maleve-nga-autoritetet-e-kosoves","status":"publish","type":"post","link":"https:\/\/radiostargjilan.com\/web\/publikohen-pamjet-kur-terroristet-serbe-ikin-maleve-nga-autoritetet-e-kosoves\/","title":{"rendered":"Publikohen pamjet kur terrorist\u00ebt serb\u00eb ikin maleve nga autoritetet e Kosov\u00ebs"},"content":{"rendered":"<p>Nj\u00eb moment ekskluziv se si terrorist\u00ebt serb\u00eb, largohen nga Manastiri pasi sulmuan me arm\u00eb zjarri ndaj Policis\u00eb s\u00eb Kosov\u00ebs n\u00eb fshatin Bansjk\u00eb, duke l\u00ebn\u00eb t\u00eb vrar\u00eb rreshterin, Afrim Bunjaku, \u00ebsht\u00eb publikuar p\u00ebrmes regjistrimit me dron.<\/p>\n<p>Pamjet jan\u00eb b\u00ebr\u00eb publike nga agjensia e lajmeve Associated Press, dhe t\u00eb nj\u00ebjtat i gjeni m\u00eb posht\u00eb:<\/p>\n<p>VIDEO:<\/p>\n","protected":false},"excerpt":{"rendered":"<p>Nj\u00eb moment ekskluziv se si terrorist\u00ebt serb\u00eb, largohen nga Manastiri pasi sulmuan me arm\u00eb zjarri ndaj Policis\u00eb s\u00eb Kosov\u00ebs n\u00eb fshatin Bansjk\u00eb, duke l\u00ebn\u00eb t\u00eb vrar\u00eb rreshterin, Afrim Bunjaku, \u00ebsht\u00eb publikuar p\u00ebrmes regjistrimit me dron. Pamjet jan\u00eb b\u00ebr\u00eb publike nga agjensia e lajmeve Associated Press, dhe t\u00eb nj\u00ebjtat i gjeni m\u00eb posht\u00eb: VIDEO:<\/p>\n","protected":false},"author":1,"featured_media":158524,"comment_status":"closed","ping_status":"closed","sticky":false,"template":"","format":"standard","meta":{"footnotes":""},"categories":[5],"tags":[],"class_list":{"0":"post-158523","1":"post","2":"type-post","3":"status-publish","4":"format-standard","5":"has-post-thumbnail","7":"category-lajme"},"_links":{"self":[{"href":"https:\/\/radiostargjilan.com\/web\/wp-json\/wp\/v2\/posts\/158523","targetHints":{"allow":["GET"]}}],"collection":[{"href":"https:\/\/radiostargjilan.com\/web\/wp-json\/wp\/v2\/posts"}],"about":[{"href":"https:\/\/radiostargjilan.com\/web\/wp-json\/wp\/v2\/types\/post"}],"author":[{"embeddable":true,"href":"https:\/\/radiostargjilan.com\/web\/wp-json\/wp\/v2\/users\/1"}],"replies":[{"embeddable":true,"href":"https:\/\/radiostargjilan.com\/web\/wp-json\/wp\/v2\/comments?post=158523"}],"version-history":[{"count":0,"href":"https:\/\/radiostargjilan.com\/web\/wp-json\/wp\/v2\/posts\/158523\/revisions"}],"wp:featuredmedia":[{"embeddable":true,"href":"https:\/\/radiostargjilan.com\/web\/wp-json\/wp\/v2\/media\/158524"}],"wp:attachment":[{"href":"https:\/\/radiostargjilan.com\/web\/wp-json\/wp\/v2\/media?parent=158523"}],"wp:term":[{"taxonomy":"category","embeddable":true,"href":"https:\/\/radiostargjilan.com\/web\/wp-json\/wp\/v2\/categories?post=158523"},{"taxonomy":"post_tag","embeddable":true,"href":"https:\/\/radiostargjilan.com\/web\/wp-json\/wp\/v2\/tags?post=158523"}],"curies":[{"name":"wp","href":"https:\/\/api.w.org\/{rel}","templated":true}]}}