{"id":158582,"date":"2023-09-26T17:33:29","date_gmt":"2023-09-26T15:33:29","guid":{"rendered":"https:\/\/radiostargjilan.com\/web\/?p=158582"},"modified":"2023-09-26T17:37:00","modified_gmt":"2023-09-26T15:37:00","slug":"gazetari-enver-sadiku-sa-here-qe-bekon-ajzerajn-e-drites-ai-shenon","status":"publish","type":"post","link":"https:\/\/radiostargjilan.com\/web\/gazetari-enver-sadiku-sa-here-qe-bekon-ajzerajn-e-drites-ai-shenon\/","title":{"rendered":"Gazetari Enver Sadiku sa her\u00eb q\u00eb \u2018bekon\u201d  Ajzerajn e Drit\u00ebs, ai sh\u00ebnon"},"content":{"rendered":"<p>Gazetari shum\u00ebvjecar i sportit dhe editor i portalit \u201cKryelajmi\u201d, Enver Sadiku, sa her\u00eb q\u00eb \u201cbekon\u2019, sulmueisn e krahut t\u00eb Drit\u00ebs,  Almir Ajzerajn, ai sh\u00ebnon n\u00eb port\u00ebn  kund\u00ebrshtare shkruan Radio Star. <\/p>\n<p>Bekimin dhe urimin e fundit,  se Ajzeraj do t\u00eb sh\u00ebnon n\u00eb ndeshjen  radh\u00ebs,  gazetari Sadiku,  e ka th\u00ebn\u00eb  n\u00eb konfernc\u00ebn e shtypit t\u00eb  mbajtur nga kryetrajneri i Drit\u00ebs, Akis Vavalis dhe sulmuesi Almir Ajzeraj, nj\u00eb dit\u00eb para  ndeshjes s\u00eb jav\u00ebs s\u00eb 6-t\u00eb,  Drita \u2013 Prishtina. <\/p>\n<p>Dhe v\u00ebrtet\u00eb kjo prognoz\u00eb e gazetarit dhe njoh\u00ebsit t\u00eb mir\u00eb t\u00eb sportit, Enver Sadikut, doli t\u00eb jet\u00eb e sakt\u00eb, sepse  pik\u00ebrisht n\u00eb k\u00ebt\u00eb sfid\u00eb, golin e par\u00eb p\u00ebr skudr\u00ebn gjilanase  e sh\u00ebnoi Almir Ajzeraj.<\/p>\n<p>Nuk ishte hera e par\u00eb q\u00eb Sadiku e  q\u00ebllon se n\u00eb lis\u00ebtn e golash\u00ebnuesve do t\u00eb regjistrohet  edhe Ajzeraj. Ka ndodhur  edhe m\u00eb her\u00ebt gjat\u00eb stinorit t\u00eb kaluar, madje, edhe n\u00eb dy raste tjera.<br \/>\nSulmuesi Ajzeraj njihet si lojtar k\u00ebmb\u00ebshpejt\u00eb dhe i pap\u00ebrshtatsh\u00ebm p\u00ebr mbrojt\u00ebsit kund\u00ebrshtar, teksa   me p\u00ebrpik\u00ebri i kryen edhe detyrat e marra nga trajneri.\/Radiostar\/<\/p>\n","protected":false},"excerpt":{"rendered":"<p>Gazetari shum\u00ebvjecar i sportit dhe editor i portalit \u201cKryelajmi\u201d, Enver Sadiku, sa her\u00eb q\u00eb \u201cbekon\u2019, sulmueisn e krahut t\u00eb Drit\u00ebs, Almir Ajzerajn, ai sh\u00ebnon n\u00eb port\u00ebn kund\u00ebrshtare shkruan Radio Star. Bekimin dhe urimin e fundit, se Ajzeraj do t\u00eb sh\u00ebnon n\u00eb ndeshjen radh\u00ebs, gazetari Sadiku, e ka th\u00ebn\u00eb n\u00eb konfernc\u00ebn e shtypit t\u00eb mbajtur nga [&hellip;]<\/p>\n","protected":false},"author":1,"featured_media":158583,"comment_status":"closed","ping_status":"closed","sticky":false,"template":"","format":"standard","meta":{"footnotes":""},"categories":[7],"tags":[],"class_list":{"0":"post-158582","1":"post","2":"type-post","3":"status-publish","4":"format-standard","5":"has-post-thumbnail","7":"category-sports"},"_links":{"self":[{"href":"https:\/\/radiostargjilan.com\/web\/wp-json\/wp\/v2\/posts\/158582","targetHints":{"allow":["GET"]}}],"collection":[{"href":"https:\/\/radiostargjilan.com\/web\/wp-json\/wp\/v2\/posts"}],"about":[{"href":"https:\/\/radiostargjilan.com\/web\/wp-json\/wp\/v2\/types\/post"}],"author":[{"embeddable":true,"href":"https:\/\/radiostargjilan.com\/web\/wp-json\/wp\/v2\/users\/1"}],"replies":[{"embeddable":true,"href":"https:\/\/radiostargjilan.com\/web\/wp-json\/wp\/v2\/comments?post=158582"}],"version-history":[{"count":0,"href":"https:\/\/radiostargjilan.com\/web\/wp-json\/wp\/v2\/posts\/158582\/revisions"}],"wp:featuredmedia":[{"embeddable":true,"href":"https:\/\/radiostargjilan.com\/web\/wp-json\/wp\/v2\/media\/158583"}],"wp:attachment":[{"href":"https:\/\/radiostargjilan.com\/web\/wp-json\/wp\/v2\/media?parent=158582"}],"wp:term":[{"taxonomy":"category","embeddable":true,"href":"https:\/\/radiostargjilan.com\/web\/wp-json\/wp\/v2\/categories?post=158582"},{"taxonomy":"post_tag","embeddable":true,"href":"https:\/\/radiostargjilan.com\/web\/wp-json\/wp\/v2\/tags?post=158582"}],"curies":[{"name":"wp","href":"https:\/\/api.w.org\/{rel}","templated":true}]}}