{"id":158641,"date":"2023-09-27T16:33:15","date_gmt":"2023-09-27T14:33:15","guid":{"rendered":"https:\/\/radiostargjilan.com\/web\/?p=158641"},"modified":"2023-09-27T16:33:15","modified_gmt":"2023-09-27T14:33:15","slug":"vavalis-kemi-ekipin-dhe-motivin","status":"publish","type":"post","link":"https:\/\/radiostargjilan.com\/web\/vavalis-kemi-ekipin-dhe-motivin\/","title":{"rendered":"Vavalis: Kemi ekipin dhe motivin"},"content":{"rendered":"<p>Xhiroja e 7-t\u00eb n\u00eb Superlig\u00eb do t\u00eb sjell\u00eb ballafaqimin mes FC Feronikeli 74 &#8211; FC DRITA, e cila do t\u00eb zhvillohet nga ora 15:00.<\/p>\n<p>N\u00eb konferenc\u00eb para gazetar\u00ebve fol\u00ebn kryetrajneri, Akis Vavalis dhe futbollisti, Kastriot Selmani.<\/p>\n<p>Trajneri, Vavalis tha se ndeshja e nes\u00ebrme do t\u00eb jet\u00eb ndaj nj\u00eb rivali me futboll sulmues, por FC DRITA tashm\u00eb ka kaluar kriz\u00ebn e rezultateve.<\/p>\n<p>&#8220;Kemi ndeshjen e radh\u00ebs, kund\u00ebr nj\u00eb skuadre kaq t\u00eb mir\u00eb t\u00eb cil\u00ebt edhe n\u00eb ndeshjen e kaluar d\u00ebshmuan se luajn\u00eb futboll t\u00eb mir\u00eb dhe sulmues. P\u00ebr ne ishte e r\u00ebnd\u00ebsishme fitorja dhe reagimi kund\u00ebr Prishtin\u00ebs dhe ka qen\u00eb shum\u00eb e r\u00ebnd\u00ebsishme t\u00eb marrim rezultat pozitiv. Tani e tutje besoj kemi ekipin, por edhe motivin p\u00ebr t\u00eb marr\u00eb m\u00eb t\u00eb mir\u00ebn nga ndeshjet e ardhshme&#8221;, ka th\u00ebn\u00eb Vavalis.<\/p>\n<p>Ai m\u00eb tej theksoi se gjithsesi ka aspekte p\u00ebr t&#8217;u ndryshuar edhe n\u00eb loj\u00ebn ton\u00eb, por k\u00ebt\u00eb do ta b\u00ebjm\u00eb n\u00eb ndeshje t\u00eb tjera.<\/p>\n<p>&#8220;Nuk duhet ta harrojm\u00eb faktin se jemi skuadra me mbrojtjen m\u00eb t\u00eb mir\u00eb n\u00eb kampionat dhe duhet t\u00eb p\u00ebrmir\u00ebsohemi n\u00eb pjes\u00ebn e fundit t\u00eb loj\u00ebs q\u00eb t\u00eb jemi m\u00eb t\u00eb rreziksh\u00ebm. Duhet t\u00eb mbajm\u00eb ritmin fizik, t\u00eb jemi t\u00eb p\u00ebrgatitur fizikisht dhe psiqikisht, sepse kemi tri ndeshje n\u00eb jav\u00eb&#8221;, ka p\u00ebrfunduar trajneri, Akis Vavalis.<\/p>\n<p>Kurse, futbollisti Selmani tha se FC Feronikeli 74 mund t\u00eb jet\u00eb i rreziksh\u00ebm, por me bashk\u00eblojtar\u00ebt do t\u00eb synojn\u00eb pik\u00ebt maksimale n\u00eb Drenas.<\/p>\n<p>&#8221; Fitorja ndaj Prishtin\u00ebs ka ardhur si rezultat q\u00eb kemi punuar si grup, duke besuar n\u00eb nj\u00ebri tjetrin. Kemi qen\u00eb paksa n\u00eb kriz\u00eb t\u00eb rezultateve, por fitorja ka ardhur n\u00eb momentin e duhur. N\u00eb ndeshje ndaj Feronikelit do t\u00eb shkojm\u00eb p\u00ebr fitore, tri pik\u00eb dhe p\u00ebr t&#8217;i rikuperuar pik\u00ebt e humbura&#8221;, ka th\u00ebn\u00eb Selmani.<\/p>\n<p>Ndeshja FC Feronikeli 74 &#8211; FC DRITA zhvillohet nes\u00ebr, e enjte ora 15:00, n\u00eb stadiumin &#8220;Rexhep Rexhepi&#8221; n\u00eb Drenas.<\/p>\n","protected":false},"excerpt":{"rendered":"<p>Xhiroja e 7-t\u00eb n\u00eb Superlig\u00eb do t\u00eb sjell\u00eb ballafaqimin mes FC Feronikeli 74 &#8211; FC DRITA, e cila do t\u00eb zhvillohet nga ora 15:00. N\u00eb konferenc\u00eb para gazetar\u00ebve fol\u00ebn kryetrajneri, Akis Vavalis dhe futbollisti, Kastriot Selmani. Trajneri, Vavalis tha se ndeshja e nes\u00ebrme do t\u00eb jet\u00eb ndaj nj\u00eb rivali me futboll sulmues, por FC DRITA [&hellip;]<\/p>\n","protected":false},"author":1,"featured_media":158642,"comment_status":"closed","ping_status":"closed","sticky":false,"template":"","format":"standard","meta":{"footnotes":""},"categories":[7],"tags":[],"class_list":{"0":"post-158641","1":"post","2":"type-post","3":"status-publish","4":"format-standard","5":"has-post-thumbnail","7":"category-sports"},"_links":{"self":[{"href":"https:\/\/radiostargjilan.com\/web\/wp-json\/wp\/v2\/posts\/158641","targetHints":{"allow":["GET"]}}],"collection":[{"href":"https:\/\/radiostargjilan.com\/web\/wp-json\/wp\/v2\/posts"}],"about":[{"href":"https:\/\/radiostargjilan.com\/web\/wp-json\/wp\/v2\/types\/post"}],"author":[{"embeddable":true,"href":"https:\/\/radiostargjilan.com\/web\/wp-json\/wp\/v2\/users\/1"}],"replies":[{"embeddable":true,"href":"https:\/\/radiostargjilan.com\/web\/wp-json\/wp\/v2\/comments?post=158641"}],"version-history":[{"count":0,"href":"https:\/\/radiostargjilan.com\/web\/wp-json\/wp\/v2\/posts\/158641\/revisions"}],"wp:featuredmedia":[{"embeddable":true,"href":"https:\/\/radiostargjilan.com\/web\/wp-json\/wp\/v2\/media\/158642"}],"wp:attachment":[{"href":"https:\/\/radiostargjilan.com\/web\/wp-json\/wp\/v2\/media?parent=158641"}],"wp:term":[{"taxonomy":"category","embeddable":true,"href":"https:\/\/radiostargjilan.com\/web\/wp-json\/wp\/v2\/categories?post=158641"},{"taxonomy":"post_tag","embeddable":true,"href":"https:\/\/radiostargjilan.com\/web\/wp-json\/wp\/v2\/tags?post=158641"}],"curies":[{"name":"wp","href":"https:\/\/api.w.org\/{rel}","templated":true}]}}