{"id":160083,"date":"2023-10-19T22:58:41","date_gmt":"2023-10-19T20:58:41","guid":{"rendered":"https:\/\/radiostargjilan.com\/web\/?p=160083"},"modified":"2023-10-19T23:07:43","modified_gmt":"2023-10-19T21:07:43","slug":"e-diela-sjell-garen-e-ciklizmit-e-cila-do-te-mbahet-per-here-te-pare-ne-gjilan","status":"publish","type":"post","link":"https:\/\/radiostargjilan.com\/web\/e-diela-sjell-garen-e-ciklizmit-e-cila-do-te-mbahet-per-here-te-pare-ne-gjilan\/","title":{"rendered":"E diela sjell gar\u00ebn e \u00e7iklizmit malor, e cila do t\u00eb mbahet p\u00ebr her\u00eb t\u00eb par\u00eb n\u00eb Gjilan"},"content":{"rendered":"<div class=\"y0NFKc\">\n<div class=\"oewGkc LeUQr MUxGbd v0nnCb\" role=\"heading\" aria-level=\"3\">\n<div class=\"v7jaNc ynAwRc q8U8x MBeuO oewGkc LeUQr\" style=\"text-align: center;\" role=\"link\"><\/div>\n<\/div>\n<\/div>\n<p>K\u00ebt\u00eb t\u00eb diele mbahet gara e par\u00eb e \u00e7iklizmit malor\u00eb n\u00eb Gjilan, organizator\u00ebt e k\u00ebsaj gare \u201cWolf Pack\u201d, ftojn t\u00eb gjith\u00eb t\u00eb jen\u00eb t\u00eb pranish\u00ebm n\u00eb k\u00ebt\u00eb organizim.<\/p>\n<p>Klubi i \u00c7iklizmit \u201cWolf Pack\u201d n\u00eb Gjilan, me 22 tetor organizon gar\u00ebn \u00e7iklistike malore n\u00eb fshatin Stanishor t\u00eb Gjilanit shkruan Radio Star.<\/p>\n<p>Pjes\u00ebmarr\u00ebsit n\u00eb k\u00ebt\u00eb event t\u00eb organizuar mund t\u00eb regjistrohen t\u00eb gjith\u00eb nga mosha +16 p\u00ebr dy gjinit.<\/p>\n<p>Organizator\u00ebt e k\u00ebsaj gare kan\u00eb b\u00ebr\u00eb t\u00eb ditur se gjith\u00e7ka do t\u00eb jet\u00eb gati dhe ata presin nj\u00eb gar\u00eb interesante deri n\u00eb dit\u00ebn e fundit.<\/p>\n<p>&nbsp;<\/p>\n<p>ORARET RRETH GAR\u00cbS S\u00cb \u00c7IKLIZMIT MALOR:<a href=\"https:\/\/radiostargjilan.com\/web\/wp-content\/uploads\/2023\/10\/IMG_9825.jpeg\"><img loading=\"lazy\" loading=\"lazy\" decoding=\"async\" class=\"alignnone size-full wp-image-160088\" src=\"https:\/\/radiostargjilan.com\/web\/wp-content\/uploads\/2023\/10\/IMG_9825.jpeg\" alt=\"\" width=\"1200\" height=\"1200\" srcset=\"https:\/\/radiostargjilan.com\/web\/wp-content\/uploads\/2023\/10\/IMG_9825.jpeg 1200w, https:\/\/radiostargjilan.com\/web\/wp-content\/uploads\/2023\/10\/IMG_9825-300x300.jpeg 300w, https:\/\/radiostargjilan.com\/web\/wp-content\/uploads\/2023\/10\/IMG_9825-1024x1024.jpeg 1024w, https:\/\/radiostargjilan.com\/web\/wp-content\/uploads\/2023\/10\/IMG_9825-150x150.jpeg 150w, https:\/\/radiostargjilan.com\/web\/wp-content\/uploads\/2023\/10\/IMG_9825-768x768.jpeg 768w, https:\/\/radiostargjilan.com\/web\/wp-content\/uploads\/2023\/10\/IMG_9825-860x860.jpeg 860w\" sizes=\"auto, (max-width: 1200px) 100vw, 1200px\" \/><\/a><\/p>\n<p>T\u00eb gjith\u00eb ata t\u00eb cil\u00ebt jan\u00eb t\u00eb interesuar t\u00eb marrin pjes\u00eb n\u00eb k\u00ebt\u00eb event duhen t\u00eb regjistrohen n\u00eb linkun e m\u00ebposht\u00ebm<\/p>\n<p><a href=\"https:\/\/docs.google.com\/forms\/d\/e\/1FAIpQLSc8XFvnrXbOC2VGiOgG1wfuXTPlQE1QgnYSgEWGYySeEA47yg\/viewform?fbclid=PAAab0FRsergt2BOE3agQYgWC0fca_mo9Z7FQpuUEWA2dW3NG_qlJIUVthaYs_aem_AQDtdAD0ouG0mTXPjw_M3fYP6t2zsr2lSdwTDVrCXjYAHl82XAct0ncdwpScZQs6j5s\">KLIKO K\u00cbTU<\/a><\/p>\n<p>&nbsp;<\/p>\n","protected":false},"excerpt":{"rendered":"<p>K\u00ebt\u00eb t\u00eb diele mbahet gara e par\u00eb e \u00e7iklizmit malor\u00eb n\u00eb Gjilan, organizator\u00ebt e k\u00ebsaj gare \u201cWolf Pack\u201d, ftojn t\u00eb gjith\u00eb t\u00eb jen\u00eb t\u00eb pranish\u00ebm n\u00eb k\u00ebt\u00eb organizim. Klubi i \u00c7iklizmit \u201cWolf Pack\u201d n\u00eb Gjilan, me 22 tetor organizon gar\u00ebn \u00e7iklistike malore n\u00eb fshatin Stanishor t\u00eb Gjilanit shkruan Radio Star. Pjes\u00ebmarr\u00ebsit n\u00eb k\u00ebt\u00eb event t\u00eb [&hellip;]<\/p>\n","protected":false},"author":1,"featured_media":160084,"comment_status":"closed","ping_status":"closed","sticky":false,"template":"","format":"standard","meta":{"footnotes":""},"categories":[7],"tags":[],"class_list":{"0":"post-160083","1":"post","2":"type-post","3":"status-publish","4":"format-standard","5":"has-post-thumbnail","7":"category-sports"},"_links":{"self":[{"href":"https:\/\/radiostargjilan.com\/web\/wp-json\/wp\/v2\/posts\/160083","targetHints":{"allow":["GET"]}}],"collection":[{"href":"https:\/\/radiostargjilan.com\/web\/wp-json\/wp\/v2\/posts"}],"about":[{"href":"https:\/\/radiostargjilan.com\/web\/wp-json\/wp\/v2\/types\/post"}],"author":[{"embeddable":true,"href":"https:\/\/radiostargjilan.com\/web\/wp-json\/wp\/v2\/users\/1"}],"replies":[{"embeddable":true,"href":"https:\/\/radiostargjilan.com\/web\/wp-json\/wp\/v2\/comments?post=160083"}],"version-history":[{"count":0,"href":"https:\/\/radiostargjilan.com\/web\/wp-json\/wp\/v2\/posts\/160083\/revisions"}],"wp:featuredmedia":[{"embeddable":true,"href":"https:\/\/radiostargjilan.com\/web\/wp-json\/wp\/v2\/media\/160084"}],"wp:attachment":[{"href":"https:\/\/radiostargjilan.com\/web\/wp-json\/wp\/v2\/media?parent=160083"}],"wp:term":[{"taxonomy":"category","embeddable":true,"href":"https:\/\/radiostargjilan.com\/web\/wp-json\/wp\/v2\/categories?post=160083"},{"taxonomy":"post_tag","embeddable":true,"href":"https:\/\/radiostargjilan.com\/web\/wp-json\/wp\/v2\/tags?post=160083"}],"curies":[{"name":"wp","href":"https:\/\/api.w.org\/{rel}","templated":true}]}}