{"id":160333,"date":"2023-10-24T13:46:55","date_gmt":"2023-10-24T11:46:55","guid":{"rendered":"https:\/\/radiostargjilan.com\/web\/?p=160333"},"modified":"2023-10-24T13:46:55","modified_gmt":"2023-10-24T11:46:55","slug":"drejtoria-e-bujqesise-ne-gjilan-ka-ndermarre-masa-konkrete-per-parandalimin-preresve-ilegale-te-pyjeve-dhe-kapjen-e-tyre","status":"publish","type":"post","link":"https:\/\/radiostargjilan.com\/web\/drejtoria-e-bujqesise-ne-gjilan-ka-ndermarre-masa-konkrete-per-parandalimin-preresve-ilegale-te-pyjeve-dhe-kapjen-e-tyre\/","title":{"rendered":"Drejtoria e Bujq\u00ebsis\u00eb n\u00eb Gjilan ka nd\u00ebrmarr\u00eb masa konkrete p\u00ebr parandalimin prer\u00ebsve ilegal\u00eb t\u00eb pyjeve dhe kapjen e tyre"},"content":{"rendered":"<p> Me q\u00ebllim t\u00eb parandalimit dhe asgj\u00ebsimit t\u00eb prer\u00ebsve ilegal\u00eb t\u00eb pyllit, drejtori i Bujq\u00ebsis\u00eb dhe pylltaris\u00eb Bajram Isufi n\u00eb bashk\u00ebpunim me udh\u00ebheq\u00ebsin e sektorit t\u00eb pylltaris\u00eb, Kujtim Shahiqi, kan\u00eb marr\u00eb masa t\u00eb shumta n\u00eb terren p\u00ebrmes aksioneve me policin\u00eb e shtetit dhe efektivit t\u00eb vet p\u00ebr parandalimin dhe kapjen e prer\u00ebsve ilegal\u00eb.<\/p>\n<p>\u201cPylli \u00ebsht\u00eb nj\u00eb ekosistem kompleks, pa pyje klima ndryshon, temperatura rritet dhe p\u00ebr shkak t\u00eb sip\u00ebrfaqes s\u00eb zhveshur, ndodh erozioni i tok\u00ebs. Me zhdukjen e pyjeve k\u00ebrc\u00ebnohen uj\u00ebrat n\u00ebntok\u00ebsore, burimet e ujit t\u00eb pijsh\u00ebm. Do t\u00eb ket\u00eb pasoja t\u00eb m\u00ebdha n\u00eb t\u00eb ardhmen. Drejtoria Bujq\u00ebsis\u00eb dhe Sektori Pylltaris\u00eb ka marr\u00eb seriozisht k\u00ebt\u00eb dukuri negative dhe n\u00eb kuad\u00ebr t\u00eb kompetencave, ka aktivizuar kujdestarin\u00eb 24 or\u00eb, ku e nj\u00ebjta ka treguar nj\u00eb rezultat t\u00eb jasht\u00ebzakonsh\u00ebm n\u00eb kapjen dhe asgj\u00ebsimin e prer\u00ebsve dhe transportuesve ilegal\u00eb. Kemi organizuar edhe aksione 24 or\u00eb me asistimin e policis\u00eb s\u00eb Kosov\u00eb\u201d, ka th\u00ebn\u00eb drejtori i Bujq\u00ebsis\u00eb, Bajram Isufi.<\/p>\n<p>Isufi ka theksuar se p\u00ebr shkak t\u00eb kanosjeve dhe k\u00ebrc\u00ebnimeve me arm\u00eb dhe mjete t\u00eb tjera ndaj pylltar\u00ebve dhe teknik\u00ebve t\u00eb pylltaris\u00eb gjat\u00eb kryerjes s\u00eb detyr\u00ebs, jan\u00eb paraqitur dhjet\u00ebra kall\u00ebzime penale n\u00eb polici dhe gjykat\u00eb.<\/p>\n<p>\u201cEfektivi pylltaris\u00eb ka konfiskuar shum\u00eb mjete transportuese e mjete t\u00eb tjera p\u00ebrcjell\u00ebse .Jan\u00eb konfiskuar mbi 120 m\/h t\u00eb deponuara n\u00eb depon e pylltaris\u00eb. Nj\u00eb pun\u00eb voluminoze me shum\u00eb rreziqe dhe kanosje por serioziteti n\u00eb pun\u00eb dhe p\u00ebrkushtimi profesional ka b\u00ebr\u00eb q\u00eb regjioni Gjilanit t\u00eb jet\u00eb nj\u00eb nd\u00ebr rajonet m\u00eb t\u00eb organizuara n\u00eb t\u00ebr\u00eb Kosov\u00ebn. Bashk\u00ebpunimi i mir\u00eb me qytetar\u00ebt dhe fshatar\u00ebt e rajoneve ka ndikuar n\u00eb rezultatet tona me informata p\u00ebr prerjet ilegale. V\u00ebmendje e posa\u00e7me i \u00ebsht\u00eb dh\u00ebne zjarreve ku n\u00eb pakujdesi t\u00eb bujqve dhe fshatar\u00ebve ndodhin zjarret t\u00eb cilat fal organizimit t\u00eb mir\u00eb t\u00eb pylltar\u00ebve t\u00eb regjionit kemi arritur n\u00eb bashk\u00ebpunim me zjarrfik\u00ebsit t\u00eb parandalojm\u00eb dhe shuajm\u00eb shum\u00eb zjarre\u201d, \u00ebsht\u00eb shprehur Isufi.<\/p>\n","protected":false},"excerpt":{"rendered":"<p>Me q\u00ebllim t\u00eb parandalimit dhe asgj\u00ebsimit t\u00eb prer\u00ebsve ilegal\u00eb t\u00eb pyllit, drejtori i Bujq\u00ebsis\u00eb dhe pylltaris\u00eb Bajram Isufi n\u00eb bashk\u00ebpunim me udh\u00ebheq\u00ebsin e sektorit t\u00eb pylltaris\u00eb, Kujtim Shahiqi, kan\u00eb marr\u00eb masa t\u00eb shumta n\u00eb terren p\u00ebrmes aksioneve me policin\u00eb e shtetit dhe efektivit t\u00eb vet p\u00ebr parandalimin dhe kapjen e prer\u00ebsve ilegal\u00eb. \u201cPylli \u00ebsht\u00eb nj\u00eb [&hellip;]<\/p>\n","protected":false},"author":1,"featured_media":160334,"comment_status":"closed","ping_status":"closed","sticky":false,"template":"","format":"standard","meta":{"footnotes":""},"categories":[5],"tags":[],"class_list":{"0":"post-160333","1":"post","2":"type-post","3":"status-publish","4":"format-standard","5":"has-post-thumbnail","7":"category-lajme"},"_links":{"self":[{"href":"https:\/\/radiostargjilan.com\/web\/wp-json\/wp\/v2\/posts\/160333","targetHints":{"allow":["GET"]}}],"collection":[{"href":"https:\/\/radiostargjilan.com\/web\/wp-json\/wp\/v2\/posts"}],"about":[{"href":"https:\/\/radiostargjilan.com\/web\/wp-json\/wp\/v2\/types\/post"}],"author":[{"embeddable":true,"href":"https:\/\/radiostargjilan.com\/web\/wp-json\/wp\/v2\/users\/1"}],"replies":[{"embeddable":true,"href":"https:\/\/radiostargjilan.com\/web\/wp-json\/wp\/v2\/comments?post=160333"}],"version-history":[{"count":0,"href":"https:\/\/radiostargjilan.com\/web\/wp-json\/wp\/v2\/posts\/160333\/revisions"}],"wp:featuredmedia":[{"embeddable":true,"href":"https:\/\/radiostargjilan.com\/web\/wp-json\/wp\/v2\/media\/160334"}],"wp:attachment":[{"href":"https:\/\/radiostargjilan.com\/web\/wp-json\/wp\/v2\/media?parent=160333"}],"wp:term":[{"taxonomy":"category","embeddable":true,"href":"https:\/\/radiostargjilan.com\/web\/wp-json\/wp\/v2\/categories?post=160333"},{"taxonomy":"post_tag","embeddable":true,"href":"https:\/\/radiostargjilan.com\/web\/wp-json\/wp\/v2\/tags?post=160333"}],"curies":[{"name":"wp","href":"https:\/\/api.w.org\/{rel}","templated":true}]}}