{"id":160488,"date":"2023-10-25T21:43:55","date_gmt":"2023-10-25T19:43:55","guid":{"rendered":"https:\/\/radiostargjilan.com\/web\/?p=160488"},"modified":"2023-10-25T21:43:55","modified_gmt":"2023-10-25T19:43:55","slug":"nazim-gagica-lajm-shume-i-rende-per-ndarjen-nga-jeta-e-ish-zyrtarit-te-gjendjes-civile-ne-adminstraten-komunale-ne-gjilan-nebi-hasani","status":"publish","type":"post","link":"https:\/\/radiostargjilan.com\/web\/nazim-gagica-lajm-shume-i-rende-per-ndarjen-nga-jeta-e-ish-zyrtarit-te-gjendjes-civile-ne-adminstraten-komunale-ne-gjilan-nebi-hasani\/","title":{"rendered":"Nazim Gagica: Lajm shum\u00eb i r\u00ebnd\u00eb p\u00ebr ndarjen nga jeta e ish zyrtarit t\u00eb Gjendjes Civile n\u00eb Adminstrat\u00ebn komunale n\u00eb Gjilan, Nebi Hasani"},"content":{"rendered":"<p>Lajm shum\u00eb i r\u00ebnd\u00eb p\u00ebr ndarjen nga jeta e ish zyrtarit t\u00eb Gjendjes Civile n\u00eb Adminstrat\u00ebn komunale n\u00eb Gjilan, Nebi Hasani.<br \/>\nKisha fatin ta kem bashk\u00ebpun\u00ebtor profesional por edhe mik t\u00eb jasht\u00ebzakonsh\u00ebm Nebiun. Kontributi i tij i ve\u00e7ant\u00eb sh\u00ebrbimin qytetar\u00eb, ka l\u00ebn\u00eb gjurm\u00eb t\u00eb pashlyera n\u00eb administrat\u00eb e p\u00ebrgjithshme komunale.<\/p>\n<p>Nebiun do ta kujtojm\u00eb p\u00ebrher\u00eb si nj\u00eb profesionist t\u00eb dalluar, nj\u00eb mik t\u00eb ve\u00e7ant\u00eb e qytetar\u00eb i urt\u00eb e i ndersh\u00ebm.<br \/>\nNgush\u00ebllime familjes Hasani, koleg\u00ebve dhe qytetar\u00ebve t\u00eb Gjilanit!<br \/>\nU prehsh n\u00eb paqe, mik!<\/p>\n","protected":false},"excerpt":{"rendered":"<p>Lajm shum\u00eb i r\u00ebnd\u00eb p\u00ebr ndarjen nga jeta e ish zyrtarit t\u00eb Gjendjes Civile n\u00eb Adminstrat\u00ebn komunale n\u00eb Gjilan, Nebi Hasani. Kisha fatin ta kem bashk\u00ebpun\u00ebtor profesional por edhe mik t\u00eb jasht\u00ebzakonsh\u00ebm Nebiun. Kontributi i tij i ve\u00e7ant\u00eb sh\u00ebrbimin qytetar\u00eb, ka l\u00ebn\u00eb gjurm\u00eb t\u00eb pashlyera n\u00eb administrat\u00eb e p\u00ebrgjithshme komunale. Nebiun do ta kujtojm\u00eb p\u00ebrher\u00eb [&hellip;]<\/p>\n","protected":false},"author":1,"featured_media":160489,"comment_status":"closed","ping_status":"closed","sticky":false,"template":"","format":"standard","meta":{"footnotes":""},"categories":[5],"tags":[],"class_list":{"0":"post-160488","1":"post","2":"type-post","3":"status-publish","4":"format-standard","5":"has-post-thumbnail","7":"category-lajme"},"_links":{"self":[{"href":"https:\/\/radiostargjilan.com\/web\/wp-json\/wp\/v2\/posts\/160488","targetHints":{"allow":["GET"]}}],"collection":[{"href":"https:\/\/radiostargjilan.com\/web\/wp-json\/wp\/v2\/posts"}],"about":[{"href":"https:\/\/radiostargjilan.com\/web\/wp-json\/wp\/v2\/types\/post"}],"author":[{"embeddable":true,"href":"https:\/\/radiostargjilan.com\/web\/wp-json\/wp\/v2\/users\/1"}],"replies":[{"embeddable":true,"href":"https:\/\/radiostargjilan.com\/web\/wp-json\/wp\/v2\/comments?post=160488"}],"version-history":[{"count":0,"href":"https:\/\/radiostargjilan.com\/web\/wp-json\/wp\/v2\/posts\/160488\/revisions"}],"wp:featuredmedia":[{"embeddable":true,"href":"https:\/\/radiostargjilan.com\/web\/wp-json\/wp\/v2\/media\/160489"}],"wp:attachment":[{"href":"https:\/\/radiostargjilan.com\/web\/wp-json\/wp\/v2\/media?parent=160488"}],"wp:term":[{"taxonomy":"category","embeddable":true,"href":"https:\/\/radiostargjilan.com\/web\/wp-json\/wp\/v2\/categories?post=160488"},{"taxonomy":"post_tag","embeddable":true,"href":"https:\/\/radiostargjilan.com\/web\/wp-json\/wp\/v2\/tags?post=160488"}],"curies":[{"name":"wp","href":"https:\/\/api.w.org\/{rel}","templated":true}]}}