{"id":160625,"date":"2023-10-27T13:01:52","date_gmt":"2023-10-27T11:01:52","guid":{"rendered":"https:\/\/radiostargjilan.com\/web\/?p=160625"},"modified":"2023-10-27T13:01:52","modified_gmt":"2023-10-27T11:01:52","slug":"ldk-buxheti-i-komunes-se-gjilanit-per-vitin-2024-u-votua-unanimisht-ne-kuvendin-komunal-te-komunes-se-gjilanit","status":"publish","type":"post","link":"https:\/\/radiostargjilan.com\/web\/ldk-buxheti-i-komunes-se-gjilanit-per-vitin-2024-u-votua-unanimisht-ne-kuvendin-komunal-te-komunes-se-gjilanit\/","title":{"rendered":"LDK: Buxheti i Komun\u00ebs s\u00eb Gjilanit p\u00ebr vitin 2024 u votua unanimisht n\u00eb Kuvendin Komunal t\u00eb Komun\u00ebs s\u00eb Gjilanit"},"content":{"rendered":"<p>K\u00ebshilltar\u00ebt Komunal\u00eb t\u00eb Lidhjes Demokratike t\u00eb Kosov\u00eb n\u00eb Gjilan, treguan konstruktivitet dhe zgjat\u00ebn dor\u00ebn e bashk\u00ebpunimit me ekzekutivin e Komun\u00ebs n\u00eb t\u00eb mir\u00eb t\u00eb qytetar\u00ebve.<br \/>\nMe disa propozime t\u00eb LDK-s\u00eb dhe partive tjera opozitare, buxheti kaloi pa kund\u00ebrshtime.<br \/>\nJemi deklaruar n\u00eb fillim q\u00eb do t\u00eb jemi opozit\u00eb kontruktive e k\u00ebtij pushteti, dhe ashtu do t\u00eb q\u00ebndrojm\u00eb deri n\u00eb fund. <\/p>\n<p>Pavar\u00ebsisht se ky buxhet nuk ishte m\u00eb s\u00eb miri i planifikuar, ne kemi par\u00eb t\u00eb rrug\u00ebs q\u00eb t\u00eb mos b\u00ebhemi penges\u00eb as p\u00ebr k\u00ebto pak projekte n\u00eb t\u00eb mir\u00ebn publike. <\/p>\n","protected":false},"excerpt":{"rendered":"<p>K\u00ebshilltar\u00ebt Komunal\u00eb t\u00eb Lidhjes Demokratike t\u00eb Kosov\u00eb n\u00eb Gjilan, treguan konstruktivitet dhe zgjat\u00ebn dor\u00ebn e bashk\u00ebpunimit me ekzekutivin e Komun\u00ebs n\u00eb t\u00eb mir\u00eb t\u00eb qytetar\u00ebve. Me disa propozime t\u00eb LDK-s\u00eb dhe partive tjera opozitare, buxheti kaloi pa kund\u00ebrshtime. Jemi deklaruar n\u00eb fillim q\u00eb do t\u00eb jemi opozit\u00eb kontruktive e k\u00ebtij pushteti, dhe ashtu do t\u00eb [&hellip;]<\/p>\n","protected":false},"author":1,"featured_media":160628,"comment_status":"closed","ping_status":"closed","sticky":false,"template":"","format":"standard","meta":{"footnotes":""},"categories":[5],"tags":[],"class_list":{"0":"post-160625","1":"post","2":"type-post","3":"status-publish","4":"format-standard","5":"has-post-thumbnail","7":"category-lajme"},"_links":{"self":[{"href":"https:\/\/radiostargjilan.com\/web\/wp-json\/wp\/v2\/posts\/160625","targetHints":{"allow":["GET"]}}],"collection":[{"href":"https:\/\/radiostargjilan.com\/web\/wp-json\/wp\/v2\/posts"}],"about":[{"href":"https:\/\/radiostargjilan.com\/web\/wp-json\/wp\/v2\/types\/post"}],"author":[{"embeddable":true,"href":"https:\/\/radiostargjilan.com\/web\/wp-json\/wp\/v2\/users\/1"}],"replies":[{"embeddable":true,"href":"https:\/\/radiostargjilan.com\/web\/wp-json\/wp\/v2\/comments?post=160625"}],"version-history":[{"count":0,"href":"https:\/\/radiostargjilan.com\/web\/wp-json\/wp\/v2\/posts\/160625\/revisions"}],"wp:featuredmedia":[{"embeddable":true,"href":"https:\/\/radiostargjilan.com\/web\/wp-json\/wp\/v2\/media\/160628"}],"wp:attachment":[{"href":"https:\/\/radiostargjilan.com\/web\/wp-json\/wp\/v2\/media?parent=160625"}],"wp:term":[{"taxonomy":"category","embeddable":true,"href":"https:\/\/radiostargjilan.com\/web\/wp-json\/wp\/v2\/categories?post=160625"},{"taxonomy":"post_tag","embeddable":true,"href":"https:\/\/radiostargjilan.com\/web\/wp-json\/wp\/v2\/tags?post=160625"}],"curies":[{"name":"wp","href":"https:\/\/api.w.org\/{rel}","templated":true}]}}