{"id":161000,"date":"2023-11-01T10:51:45","date_gmt":"2023-11-01T09:51:45","guid":{"rendered":"https:\/\/radiostargjilan.com\/web\/?p=161000"},"modified":"2023-11-01T10:54:42","modified_gmt":"2023-11-01T09:54:42","slug":"gjykata-e-apelit-i-shpall-te-pafajshem-qemajl-mustafen-dhe-te-tjeret","status":"publish","type":"post","link":"https:\/\/radiostargjilan.com\/web\/gjykata-e-apelit-i-shpall-te-pafajshem-qemajl-mustafen-dhe-te-tjeret\/","title":{"rendered":"Gjykata e Apelit i shpall t\u00eb pafajsh\u00ebm Qemajl Mustaf\u00ebn dhe t\u00eb tjer\u00ebt"},"content":{"rendered":"<p>Pas 8 vitesh, Gjykata e Apelit ka konstatuar se nuk \u00ebsht\u00eb v\u00ebrtetuar se ish-kryetari i Komun\u00ebs s\u00eb Gjilanit, Qemajl Mustafa dhe t\u00eb tjer\u00ebt kan\u00eb kryer veprat penale p\u00ebr t\u00eb cilat akuzoheshin, duke p\u00ebrfshir\u00eb krimin e organizuar dhe shp\u00ebrdorim t\u00eb detyrave zyrtare.<\/p>\n<p>Sipas aktakuz\u00ebs s\u00eb Prokuroris\u00eb Speciale t\u00eb Republik\u00ebs s\u00eb Kosov\u00ebs (PSRK), n\u00eb Komun\u00ebn e Gjilanit jan\u00eb b\u00ebr\u00eb dallavere me 18 tender\u00eb, p\u00ebr \u00e7ka ngarkoheshin ish-kryetari i Komun\u00ebs s\u00eb Gjilanit, Qemajl Mustafa dhe 26 zyrtar\u00eb tjer\u00eb komunal dhe 9 operator ekonomik. PSRK pretendonte se t\u00eb akuzuarit kan\u00eb b\u00ebr\u00eb kurdisjen e tender\u00ebve, me q\u00ebllim q\u00eb ato t\u2019i fitojn\u00eb disa biznese t\u00eb caktuara.\/Radio Star\/<\/p>\n<p><a href=\"https:\/\/radiostargjilan.com\/web\/wp-content\/uploads\/2023\/11\/IMG_1865-1.jpeg\"><img loading=\"lazy\" loading=\"lazy\" decoding=\"async\" src=\"https:\/\/radiostargjilan.com\/web\/wp-content\/uploads\/2023\/11\/IMG_1865-1.jpeg\" alt=\"\" width=\"946\" height=\"1096\" class=\"alignnone size-full wp-image-161008\" srcset=\"https:\/\/radiostargjilan.com\/web\/wp-content\/uploads\/2023\/11\/IMG_1865-1.jpeg 946w, https:\/\/radiostargjilan.com\/web\/wp-content\/uploads\/2023\/11\/IMG_1865-1-259x300.jpeg 259w, https:\/\/radiostargjilan.com\/web\/wp-content\/uploads\/2023\/11\/IMG_1865-1-884x1024.jpeg 884w, https:\/\/radiostargjilan.com\/web\/wp-content\/uploads\/2023\/11\/IMG_1865-1-768x890.jpeg 768w, https:\/\/radiostargjilan.com\/web\/wp-content\/uploads\/2023\/11\/IMG_1865-1-860x996.jpeg 860w\" sizes=\"auto, (max-width: 946px) 100vw, 946px\" \/><\/a><\/p>\n<p><a href=\"https:\/\/radiostargjilan.com\/web\/wp-content\/uploads\/2023\/11\/IMG_1866-1.jpeg\"><img loading=\"lazy\" loading=\"lazy\" decoding=\"async\" src=\"https:\/\/radiostargjilan.com\/web\/wp-content\/uploads\/2023\/11\/IMG_1866-1.jpeg\" alt=\"\" width=\"946\" height=\"1201\" class=\"alignnone size-full wp-image-161009\" srcset=\"https:\/\/radiostargjilan.com\/web\/wp-content\/uploads\/2023\/11\/IMG_1866-1.jpeg 946w, https:\/\/radiostargjilan.com\/web\/wp-content\/uploads\/2023\/11\/IMG_1866-1-236x300.jpeg 236w, https:\/\/radiostargjilan.com\/web\/wp-content\/uploads\/2023\/11\/IMG_1866-1-807x1024.jpeg 807w, https:\/\/radiostargjilan.com\/web\/wp-content\/uploads\/2023\/11\/IMG_1866-1-768x975.jpeg 768w, https:\/\/radiostargjilan.com\/web\/wp-content\/uploads\/2023\/11\/IMG_1866-1-860x1092.jpeg 860w\" sizes=\"auto, (max-width: 946px) 100vw, 946px\" \/><\/a><\/p>\n<p><a href=\"https:\/\/radiostargjilan.com\/web\/wp-content\/uploads\/2023\/11\/IMG_1867-1.jpeg\"><img loading=\"lazy\" loading=\"lazy\" decoding=\"async\" src=\"https:\/\/radiostargjilan.com\/web\/wp-content\/uploads\/2023\/11\/IMG_1867-1.jpeg\" alt=\"\" width=\"946\" height=\"1304\" class=\"alignnone size-full wp-image-161010\" srcset=\"https:\/\/radiostargjilan.com\/web\/wp-content\/uploads\/2023\/11\/IMG_1867-1.jpeg 946w, https:\/\/radiostargjilan.com\/web\/wp-content\/uploads\/2023\/11\/IMG_1867-1-218x300.jpeg 218w, https:\/\/radiostargjilan.com\/web\/wp-content\/uploads\/2023\/11\/IMG_1867-1-743x1024.jpeg 743w, https:\/\/radiostargjilan.com\/web\/wp-content\/uploads\/2023\/11\/IMG_1867-1-768x1059.jpeg 768w, https:\/\/radiostargjilan.com\/web\/wp-content\/uploads\/2023\/11\/IMG_1867-1-860x1185.jpeg 860w\" sizes=\"auto, (max-width: 946px) 100vw, 946px\" \/><\/a><\/p>\n<p><a href=\"https:\/\/radiostargjilan.com\/web\/wp-content\/uploads\/2023\/11\/IMG_1868-1.jpeg\"><img loading=\"lazy\" loading=\"lazy\" decoding=\"async\" src=\"https:\/\/radiostargjilan.com\/web\/wp-content\/uploads\/2023\/11\/IMG_1868-1.jpeg\" alt=\"\" width=\"946\" height=\"1618\" class=\"alignnone size-full wp-image-161011\" srcset=\"https:\/\/radiostargjilan.com\/web\/wp-content\/uploads\/2023\/11\/IMG_1868-1.jpeg 946w, https:\/\/radiostargjilan.com\/web\/wp-content\/uploads\/2023\/11\/IMG_1868-1-175x300.jpeg 175w, https:\/\/radiostargjilan.com\/web\/wp-content\/uploads\/2023\/11\/IMG_1868-1-599x1024.jpeg 599w, https:\/\/radiostargjilan.com\/web\/wp-content\/uploads\/2023\/11\/IMG_1868-1-768x1314.jpeg 768w, https:\/\/radiostargjilan.com\/web\/wp-content\/uploads\/2023\/11\/IMG_1868-1-898x1536.jpeg 898w, https:\/\/radiostargjilan.com\/web\/wp-content\/uploads\/2023\/11\/IMG_1868-1-860x1471.jpeg 860w\" sizes=\"auto, (max-width: 946px) 100vw, 946px\" \/><\/a><\/p>\n","protected":false},"excerpt":{"rendered":"<p>Pas 8 vitesh, Gjykata e Apelit ka konstatuar se nuk \u00ebsht\u00eb v\u00ebrtetuar se ish-kryetari i Komun\u00ebs s\u00eb Gjilanit, Qemajl Mustafa dhe t\u00eb tjer\u00ebt kan\u00eb kryer veprat penale p\u00ebr t\u00eb cilat akuzoheshin, duke p\u00ebrfshir\u00eb krimin e organizuar dhe shp\u00ebrdorim t\u00eb detyrave zyrtare. Sipas aktakuz\u00ebs s\u00eb Prokuroris\u00eb Speciale t\u00eb Republik\u00ebs s\u00eb Kosov\u00ebs (PSRK), n\u00eb Komun\u00ebn e Gjilanit [&hellip;]<\/p>\n","protected":false},"author":1,"featured_media":161006,"comment_status":"closed","ping_status":"closed","sticky":false,"template":"","format":"standard","meta":{"footnotes":""},"categories":[117],"tags":[],"class_list":{"0":"post-161000","1":"post","2":"type-post","3":"status-publish","4":"format-standard","5":"has-post-thumbnail","7":"category-gjykata"},"_links":{"self":[{"href":"https:\/\/radiostargjilan.com\/web\/wp-json\/wp\/v2\/posts\/161000","targetHints":{"allow":["GET"]}}],"collection":[{"href":"https:\/\/radiostargjilan.com\/web\/wp-json\/wp\/v2\/posts"}],"about":[{"href":"https:\/\/radiostargjilan.com\/web\/wp-json\/wp\/v2\/types\/post"}],"author":[{"embeddable":true,"href":"https:\/\/radiostargjilan.com\/web\/wp-json\/wp\/v2\/users\/1"}],"replies":[{"embeddable":true,"href":"https:\/\/radiostargjilan.com\/web\/wp-json\/wp\/v2\/comments?post=161000"}],"version-history":[{"count":0,"href":"https:\/\/radiostargjilan.com\/web\/wp-json\/wp\/v2\/posts\/161000\/revisions"}],"wp:featuredmedia":[{"embeddable":true,"href":"https:\/\/radiostargjilan.com\/web\/wp-json\/wp\/v2\/media\/161006"}],"wp:attachment":[{"href":"https:\/\/radiostargjilan.com\/web\/wp-json\/wp\/v2\/media?parent=161000"}],"wp:term":[{"taxonomy":"category","embeddable":true,"href":"https:\/\/radiostargjilan.com\/web\/wp-json\/wp\/v2\/categories?post=161000"},{"taxonomy":"post_tag","embeddable":true,"href":"https:\/\/radiostargjilan.com\/web\/wp-json\/wp\/v2\/tags?post=161000"}],"curies":[{"name":"wp","href":"https:\/\/api.w.org\/{rel}","templated":true}]}}