{"id":162704,"date":"2023-12-06T18:50:17","date_gmt":"2023-12-06T17:50:17","guid":{"rendered":"https:\/\/radiostargjilan.com\/web\/?p=162704"},"modified":"2023-12-06T18:50:17","modified_gmt":"2023-12-06T17:50:17","slug":"osmani-pas-vrasjes-se-liridones-te-ashpersohen-denimet-ndaj-dhunueseve","status":"publish","type":"post","link":"https:\/\/radiostargjilan.com\/web\/osmani-pas-vrasjes-se-liridones-te-ashpersohen-denimet-ndaj-dhunueseve\/","title":{"rendered":"Osmani pas vrasjes s\u00eb Liridon\u00ebs: T\u00eb ashp\u00ebrsohen d\u00ebnimet ndaj dhunues\u00ebve"},"content":{"rendered":"<p>Presidentja e vendit, Vjosa Osmani, tha se sistemi i drejt\u00ebsis\u00eb n\u00eb Kosov\u00eb duhet t\u00eb ashp\u00ebrsoj\u00eb d\u00ebnimet ndaj dhunuesve t\u00eb grave.<\/p>\n<p>Ajo tha se vrasja e Liridona Ademajt \u2013 Murseli duhet t\u00eb jet\u00eb zgjim i nd\u00ebrgjegjes son\u00eb kolektive.<\/p>\n<p>\u201cAjo \u00e7far\u00eb ndodhi para disa dit\u00ebsh me rastin e vrasjes s\u00eb Liridon\u00ebs q\u00eb ndodhi p\u00ebrgjat\u00eb 16 dit\u00ebve t\u00eb aktivizimit, si\u00e7 ka ndodhur edhe vitin e kaluar duhet t\u00eb jet\u00eb zgjim i nd\u00ebrgjegjes ton\u00eb kolektive. P\u00ebr fat t\u00eb keq ajo \u00e7far\u00eb po ndodh p\u00ebr vite me radh\u00eb \u00ebsht\u00eb se po normalizohet dhuna. K\u00ebt\u00eb duhet t\u00eb luftojm\u00eb me ngulm. Kjo \u00ebsht\u00eb sfid\u00eb e gjith\u00eb shoq\u00ebris\u00eb\u201d, tha Osmani n\u00eb konferenc\u00ebn p\u00ebr Integritetin e Informacionit t\u00eb organizuar nga NDI.<\/p>\n<p>Tutje, Osmani tha se ka disa mang\u00ebsi n\u00eb m\u00ebnyr\u00ebn si funksionon adresimi i \u00e7\u00ebshtjes s\u00eb dhun\u00ebs n\u00eb baza gjinore.<\/p>\n<p>\u201cE dyta q\u00eb \u00ebsht\u00eb sfid\u00eb e institucioneve duhet t\u00eb shkojm\u00eb nga ashp\u00ebrsimi i d\u00ebnimeve, deri tek fuqizimi i mekanizmave, pasi n\u00eb kuad\u00ebr t\u00eb K\u00ebshillit p\u00ebr Demokraci dhe t\u00eb Drejta t\u00eb Njeriut, luftimin e dhun\u00ebs n\u00eb baza gjinore e kemi n\u00eb top prioritete kryesore. Jan\u00eb identifikuar nj\u00eb s\u00ebr\u00eb mungesash n\u00eb m\u00ebnyr\u00ebn sesi funksion zinxhiri i institucioneve jo vet\u00ebm t\u00eb siguris\u00eb, por edhe t\u00eb tjera n\u00eb m\u00ebnyr\u00eb q\u00eb \u00e7\u00ebshtje e dhun\u00ebs n\u00eb baza gjinore t\u00eb p\u00ebrcillet nga fillimi deri n\u00eb fund. \u00cbsht\u00eb esenciale q\u00eb d\u00ebnimet e institucioneve tona t\u00eb drejt\u00ebsis\u00eb mos t\u00eb jen\u00eb t\u00eb tilla q\u00eb t\u00eb inkurajojn\u00eb dhunuesit\u201d, deklaroi Osmani.<\/p>\n","protected":false},"excerpt":{"rendered":"<p>Presidentja e vendit, Vjosa Osmani, tha se sistemi i drejt\u00ebsis\u00eb n\u00eb Kosov\u00eb duhet t\u00eb ashp\u00ebrsoj\u00eb d\u00ebnimet ndaj dhunuesve t\u00eb grave. Ajo tha se vrasja e Liridona Ademajt \u2013 Murseli duhet t\u00eb jet\u00eb zgjim i nd\u00ebrgjegjes son\u00eb kolektive. \u201cAjo \u00e7far\u00eb ndodhi para disa dit\u00ebsh me rastin e vrasjes s\u00eb Liridon\u00ebs q\u00eb ndodhi p\u00ebrgjat\u00eb 16 dit\u00ebve t\u00eb [&hellip;]<\/p>\n","protected":false},"author":1,"featured_media":162705,"comment_status":"closed","ping_status":"closed","sticky":false,"template":"","format":"standard","meta":{"footnotes":""},"categories":[5],"tags":[],"class_list":{"0":"post-162704","1":"post","2":"type-post","3":"status-publish","4":"format-standard","5":"has-post-thumbnail","7":"category-lajme"},"_links":{"self":[{"href":"https:\/\/radiostargjilan.com\/web\/wp-json\/wp\/v2\/posts\/162704","targetHints":{"allow":["GET"]}}],"collection":[{"href":"https:\/\/radiostargjilan.com\/web\/wp-json\/wp\/v2\/posts"}],"about":[{"href":"https:\/\/radiostargjilan.com\/web\/wp-json\/wp\/v2\/types\/post"}],"author":[{"embeddable":true,"href":"https:\/\/radiostargjilan.com\/web\/wp-json\/wp\/v2\/users\/1"}],"replies":[{"embeddable":true,"href":"https:\/\/radiostargjilan.com\/web\/wp-json\/wp\/v2\/comments?post=162704"}],"version-history":[{"count":0,"href":"https:\/\/radiostargjilan.com\/web\/wp-json\/wp\/v2\/posts\/162704\/revisions"}],"wp:featuredmedia":[{"embeddable":true,"href":"https:\/\/radiostargjilan.com\/web\/wp-json\/wp\/v2\/media\/162705"}],"wp:attachment":[{"href":"https:\/\/radiostargjilan.com\/web\/wp-json\/wp\/v2\/media?parent=162704"}],"wp:term":[{"taxonomy":"category","embeddable":true,"href":"https:\/\/radiostargjilan.com\/web\/wp-json\/wp\/v2\/categories?post=162704"},{"taxonomy":"post_tag","embeddable":true,"href":"https:\/\/radiostargjilan.com\/web\/wp-json\/wp\/v2\/tags?post=162704"}],"curies":[{"name":"wp","href":"https:\/\/api.w.org\/{rel}","templated":true}]}}