{"id":163192,"date":"2023-12-14T13:30:42","date_gmt":"2023-12-14T12:30:42","guid":{"rendered":"https:\/\/radiostargjilan.com\/web\/?p=163192"},"modified":"2023-12-14T13:30:42","modified_gmt":"2023-12-14T12:30:42","slug":"gjykata-speciale-e-liron-me-kusht-nasim-haradinajn","status":"publish","type":"post","link":"https:\/\/radiostargjilan.com\/web\/gjykata-speciale-e-liron-me-kusht-nasim-haradinajn\/","title":{"rendered":"Gjykata Speciale e liron me kusht Nasim Haradinajn"},"content":{"rendered":"<p>Gjykata Speciale n\u00eb Hag\u00eb ka marr\u00eb vendim p\u00ebr lirim me kusht t\u00eb Nasim Haradinajt.<\/p>\n<p>P\u00ebr marrjen e vendimit, kryetarja e Dhomave t\u00eb Specializuara t\u00eb Kosov\u00ebs (DHSK), gjykat\u00ebsja Ekaterina Trendafilova, \u00ebsht\u00eb k\u00ebshilluar me gjykat\u00ebsit e paneleve q\u00eb kan\u00eb dh\u00ebn\u00eb d\u00ebnimin p\u00ebr Haradinajn dhe \u00ebsht\u00eb marr\u00eb parasysh edhe raporti lidhur me sjelljen e Haradinajt gjat\u00eb koh\u00ebs n\u00eb paraburgim.<\/p>\n<p>\u201cP\u00ebr marrjen e vendimit, Kryetarja u k\u00ebshillua me gjykat\u00ebsit e paneleve q\u00eb dhan\u00eb d\u00ebnimin sikurse parashihet n\u00eb nenin 51(2) t\u00eb Ligjit p\u00ebr Dhomat e Specializuara dhe Zyr\u00ebn e Prokurorit t\u00eb Specializuar (\u201cLigji\u201d), mori parasysh faktor\u00ebt e rregull\u00ebs 196(3) t\u00eb Rregullores s\u00eb Procedur\u00ebs dhe Provave si dhe seanc\u00ebn q\u00eb mbajti me z. Haradinaj. Gjithashtu, sikurse u p\u00ebrcaktua n\u00eb vendimin e saj t\u00eb m\u00ebparsh\u00ebm t\u00eb 12 tetorit 2023 lidhur me uljen, modifikimin ose ndryshimin e d\u00ebnimit t\u00eb z. Haradinaj, Kryetarja mori parasysh edhe raportin e dor\u00ebzuar nga Administratorja n\u00eb lidhje me sjelljen e z. Haradinaj n\u00eb objektin e paraburgimit\u201d, thuhet n\u00eb njoftimin e DHSK-s\u00eb.<\/p>\n<p>Tutje theksohet se \u00ebsht\u00eb konstatuar se Haradinaj ka pasur mund\u00ebsi t\u00eb reflektonte p\u00ebr veprimet e veta dhe se Trendafilova \u201cmori parasysh pendes\u00ebn e z. Haradinaj dhe zotimin e tij se nuk do t\u00eb p\u00ebrfshihej n\u00eb veprime t\u00eb tjera q\u00eb mund t\u00eb karakterizoheshin si vepra penale kund\u00ebr administrimit t\u00eb drejt\u00ebsis\u00eb\u201d.<\/p>\n<p>\u201cKryetarja mori parasysh se, megjith\u00ebse veprat penale p\u00ebr t\u00eb cilat z. Haradinaj u d\u00ebnua jan\u00eb padyshim t\u00eb r\u00ebnda, duke marr\u00eb parasysh efektin mjaft negativ t\u00eb zbulimit t\u00eb informacionit konfidencial mbi d\u00ebshmitar\u00eb (t\u00eb mundsh\u00ebm), ishin disa faktor\u00eb q\u00eb peshuan n\u00eb favor t\u00eb modifikimit t\u00eb d\u00ebnimit t\u00eb tij. Konkretisht, Kryetarja konstatoi se z. Haradinaj pati mund\u00ebsi t\u00eb reflektonte p\u00ebr veprimet e veta gjat\u00eb mbajtjes s\u00eb tij n\u00eb objektin e paraburgimit t\u00eb DHSK-s\u00eb dhe n\u00eb baz\u00eb t\u00eb raportit ai kishte respektuar rregullat e objektit t\u00eb paraburgimit gjat\u00eb muajve t\u00eb fundit. Gjithashtu, Kryetarja mori parasysh pendes\u00ebn e z. Haradinaj dhe zotimin e tij se nuk do t\u00eb p\u00ebrfshihej n\u00eb veprime t\u00eb tjera q\u00eb mund t\u00eb karakterizoheshin si vepra penale kund\u00ebr administrimit t\u00eb drejt\u00ebsis\u00eb dhe se do t\u2019i p\u00ebrmbush\u00eb t\u00eb gjith\u00eb kushtet e p\u00ebrcaktuara p\u00ebr lirimin e tij\u201d, b\u00ebhet e ditur n\u00eb njoftim.<\/p>\n<p>Trendafilova po ashtu ka potencuar se n\u00ebse Haradinaj nuk p\u00ebrmbush cilindo prej kushteve t\u00eb p\u00ebrcaktuara n\u00eb vendim, at\u00ebher\u00eb vendimi do t\u00eb anulohet.<\/p>\n<p>M\u00eb 18 maj t\u00eb vitit t\u00eb kaluar, Haradinaj ishte d\u00ebnuar me kat\u00ebr vjet e gjysm\u00eb burgim p\u00ebr pengim t\u00eb administrimit t\u00eb drejt\u00ebsis\u00eb, dhe me nj\u00eb gjob\u00eb prej 100 eurosh.<\/p>\n<p>N\u00eb d\u00ebnim ishte llogaritur edhe koha e kaluar n\u00eb paraburgim nga viti 2020. <\/p>\n","protected":false},"excerpt":{"rendered":"<p>Gjykata Speciale n\u00eb Hag\u00eb ka marr\u00eb vendim p\u00ebr lirim me kusht t\u00eb Nasim Haradinajt. P\u00ebr marrjen e vendimit, kryetarja e Dhomave t\u00eb Specializuara t\u00eb Kosov\u00ebs (DHSK), gjykat\u00ebsja Ekaterina Trendafilova, \u00ebsht\u00eb k\u00ebshilluar me gjykat\u00ebsit e paneleve q\u00eb kan\u00eb dh\u00ebn\u00eb d\u00ebnimin p\u00ebr Haradinajn dhe \u00ebsht\u00eb marr\u00eb parasysh edhe raporti lidhur me sjelljen e Haradinajt gjat\u00eb koh\u00ebs n\u00eb [&hellip;]<\/p>\n","protected":false},"author":1,"featured_media":163193,"comment_status":"closed","ping_status":"closed","sticky":false,"template":"","format":"standard","meta":{"footnotes":""},"categories":[5],"tags":[],"class_list":{"0":"post-163192","1":"post","2":"type-post","3":"status-publish","4":"format-standard","5":"has-post-thumbnail","7":"category-lajme"},"_links":{"self":[{"href":"https:\/\/radiostargjilan.com\/web\/wp-json\/wp\/v2\/posts\/163192","targetHints":{"allow":["GET"]}}],"collection":[{"href":"https:\/\/radiostargjilan.com\/web\/wp-json\/wp\/v2\/posts"}],"about":[{"href":"https:\/\/radiostargjilan.com\/web\/wp-json\/wp\/v2\/types\/post"}],"author":[{"embeddable":true,"href":"https:\/\/radiostargjilan.com\/web\/wp-json\/wp\/v2\/users\/1"}],"replies":[{"embeddable":true,"href":"https:\/\/radiostargjilan.com\/web\/wp-json\/wp\/v2\/comments?post=163192"}],"version-history":[{"count":0,"href":"https:\/\/radiostargjilan.com\/web\/wp-json\/wp\/v2\/posts\/163192\/revisions"}],"wp:featuredmedia":[{"embeddable":true,"href":"https:\/\/radiostargjilan.com\/web\/wp-json\/wp\/v2\/media\/163193"}],"wp:attachment":[{"href":"https:\/\/radiostargjilan.com\/web\/wp-json\/wp\/v2\/media?parent=163192"}],"wp:term":[{"taxonomy":"category","embeddable":true,"href":"https:\/\/radiostargjilan.com\/web\/wp-json\/wp\/v2\/categories?post=163192"},{"taxonomy":"post_tag","embeddable":true,"href":"https:\/\/radiostargjilan.com\/web\/wp-json\/wp\/v2\/tags?post=163192"}],"curies":[{"name":"wp","href":"https:\/\/api.w.org\/{rel}","templated":true}]}}