{"id":163195,"date":"2023-12-14T13:43:04","date_gmt":"2023-12-14T12:43:04","guid":{"rendered":"https:\/\/radiostargjilan.com\/web\/?p=163195"},"modified":"2023-12-14T14:00:29","modified_gmt":"2023-12-14T13:00:29","slug":"hyseni-thirrje-shqiptareve-ne-lugine-bashke-ne-perkrahje-te-shaip-kamberit","status":"publish","type":"post","link":"https:\/\/radiostargjilan.com\/web\/hyseni-thirrje-shqiptareve-ne-lugine-bashke-ne-perkrahje-te-shaip-kamberit\/","title":{"rendered":"Hyseni thirrje shqiptar\u00ebve n\u00eb Lugin\u00eb: Bashk\u00eb n\u00eb p\u00ebrkrahje t\u00eb Shaip Kamberit!"},"content":{"rendered":"<p>Kryetari i Gjilanit, Alban Hyseni, p\u00ebrmes nj\u00eb postimi n\u00eb \u2018Facebook\u2019, ka k\u00ebrkuar nga banor\u00ebt shqip\u00ebtar\u00eb t\u00eb cil\u00ebt jetojn n\u00eb Lugin\u00eb, t\u00eb votojn Shaip Kamberin, n\u00eb zgjedhjet t\u00eb cilat do t\u00eb mbahen me dat\u00ebn 17 dhjetor shkruan Radio Star.<\/p>\n<p>Presidenti i Serbis\u00eb, Aleksandar Vu\u00e7iq, ka shpallur zgjedhjet jasht\u00ebzakonshme parlamentare dhe zgjedhjet lokale n\u00eb disa qytete dhe komuna dhe k\u00ebto zgjedhje do t\u00eb mbahen m\u00eb 17 dhjetor 2023.<\/p>\n<p>Shkrimi i plot\u00eb:<\/p>\n<p>Shaip Kamberi, p\u00ebrfaq\u00ebsuesi i shqiptar\u00ebve t\u00eb Lugin\u00ebs po garon p\u00ebr deputet n\u00eb zgjedhjet parlamentare t\u00eb jasht\u00ebzakonshme n\u00eb Serbi.<\/p>\n<p>P\u00ebrfaq\u00ebsimin dinjitoz, z. Kamberi na e ka d\u00ebshmuar kaher\u00eb. E p\u00ebr k\u00ebt\u00eb, duhet t\u00eb vazhdojm\u00eb ta p\u00ebrkrahim n\u00eb zgjedhjet e 17 dhjetorit n\u00eb Serbi. <\/p>\n<p>Data \u00ebsht\u00eb i 17, numri \u00ebsht\u00eb 13. Le t\u00eb organizohemi e t\u00eb mobilizohemi. Bashk\u00eb n\u00eb p\u00ebrkrahje t\u00eb Shaip Kamberit!<\/p>\n","protected":false},"excerpt":{"rendered":"<p>Kryetari i Gjilanit, Alban Hyseni, p\u00ebrmes nj\u00eb postimi n\u00eb \u2018Facebook\u2019, ka k\u00ebrkuar nga banor\u00ebt shqip\u00ebtar\u00eb t\u00eb cil\u00ebt jetojn n\u00eb Lugin\u00eb, t\u00eb votojn Shaip Kamberin, n\u00eb zgjedhjet t\u00eb cilat do t\u00eb mbahen me dat\u00ebn 17 dhjetor shkruan Radio Star. Presidenti i Serbis\u00eb, Aleksandar Vu\u00e7iq, ka shpallur zgjedhjet jasht\u00ebzakonshme parlamentare dhe zgjedhjet lokale n\u00eb disa qytete dhe [&hellip;]<\/p>\n","protected":false},"author":1,"featured_media":163196,"comment_status":"closed","ping_status":"closed","sticky":false,"template":"","format":"standard","meta":{"footnotes":""},"categories":[5],"tags":[],"class_list":{"0":"post-163195","1":"post","2":"type-post","3":"status-publish","4":"format-standard","5":"has-post-thumbnail","7":"category-lajme"},"_links":{"self":[{"href":"https:\/\/radiostargjilan.com\/web\/wp-json\/wp\/v2\/posts\/163195","targetHints":{"allow":["GET"]}}],"collection":[{"href":"https:\/\/radiostargjilan.com\/web\/wp-json\/wp\/v2\/posts"}],"about":[{"href":"https:\/\/radiostargjilan.com\/web\/wp-json\/wp\/v2\/types\/post"}],"author":[{"embeddable":true,"href":"https:\/\/radiostargjilan.com\/web\/wp-json\/wp\/v2\/users\/1"}],"replies":[{"embeddable":true,"href":"https:\/\/radiostargjilan.com\/web\/wp-json\/wp\/v2\/comments?post=163195"}],"version-history":[{"count":0,"href":"https:\/\/radiostargjilan.com\/web\/wp-json\/wp\/v2\/posts\/163195\/revisions"}],"wp:featuredmedia":[{"embeddable":true,"href":"https:\/\/radiostargjilan.com\/web\/wp-json\/wp\/v2\/media\/163196"}],"wp:attachment":[{"href":"https:\/\/radiostargjilan.com\/web\/wp-json\/wp\/v2\/media?parent=163195"}],"wp:term":[{"taxonomy":"category","embeddable":true,"href":"https:\/\/radiostargjilan.com\/web\/wp-json\/wp\/v2\/categories?post=163195"},{"taxonomy":"post_tag","embeddable":true,"href":"https:\/\/radiostargjilan.com\/web\/wp-json\/wp\/v2\/tags?post=163195"}],"curies":[{"name":"wp","href":"https:\/\/api.w.org\/{rel}","templated":true}]}}