{"id":164480,"date":"2024-01-04T12:28:54","date_gmt":"2024-01-04T11:28:54","guid":{"rendered":"https:\/\/radiostargjilan.com\/web\/?p=164480"},"modified":"2024-01-04T12:29:58","modified_gmt":"2024-01-04T11:29:58","slug":"skena-te-papara-ne-merdare-burra-e-gra-mergimtare-grushtohen-me-polici-arsye-kolona","status":"publish","type":"post","link":"https:\/\/radiostargjilan.com\/web\/skena-te-papara-ne-merdare-burra-e-gra-mergimtare-grushtohen-me-polici-arsye-kolona\/","title":{"rendered":"Skena t\u00eb papara n\u00eb Merdare, burra e gra m\u00ebrgimtar\u00eb grushtohen me polici, arsye kolona"},"content":{"rendered":"<p>P\u00ebrleshje masive mes Policis\u00eb s\u00eb Kosov\u00ebs dhe disa m\u00ebrgimtar\u00ebve ka ndodhur para pak \u00e7astesh n\u00eb Merdar\u00eb.<\/p>\n<p>N\u00eb videon e siguruar nga ATV shihen disa m\u00ebrgimtar\u00eb duke u p\u00ebrleshur me Policin\u00eb, n\u00eb mesin e tyre edhe gra.<\/p>\n<p>Arsyeja e k\u00ebtij konflikti \u00ebsht\u00eb tejkalimi i kolon\u00ebs.<\/p>\n<p>Momentalisht nuk dihen detaje tjera lidhur me rastin dhe as a ka persona t\u00eb l\u00ebnduar, apo t\u00eb arrestuar.<\/p>\n<p><iframe loading=\"lazy\" src=\"https:\/\/www.facebook.com\/plugins\/video.php?height=476&#038;href=https%3A%2F%2Fwww.facebook.com%2FATVKS%2Fvideos%2F1053942542491167%2F&#038;show_text=false&#038;width=380&#038;t=0\" width=\"380\" height=\"476\" style=\"border:none;overflow:hidden\" scrolling=\"no\" frameborder=\"0\" allowfullscreen=\"true\" allow=\"autoplay; clipboard-write; encrypted-media; picture-in-picture; web-share\" allowFullScreen=\"true\"><\/iframe><\/p>\n","protected":false},"excerpt":{"rendered":"<p>P\u00ebrleshje masive mes Policis\u00eb s\u00eb Kosov\u00ebs dhe disa m\u00ebrgimtar\u00ebve ka ndodhur para pak \u00e7astesh n\u00eb Merdar\u00eb. N\u00eb videon e siguruar nga ATV shihen disa m\u00ebrgimtar\u00eb duke u p\u00ebrleshur me Policin\u00eb, n\u00eb mesin e tyre edhe gra. Arsyeja e k\u00ebtij konflikti \u00ebsht\u00eb tejkalimi i kolon\u00ebs. Momentalisht nuk dihen detaje tjera lidhur me rastin dhe as a [&hellip;]<\/p>\n","protected":false},"author":1,"featured_media":164481,"comment_status":"closed","ping_status":"closed","sticky":false,"template":"","format":"standard","meta":{"footnotes":""},"categories":[5],"tags":[],"class_list":{"0":"post-164480","1":"post","2":"type-post","3":"status-publish","4":"format-standard","5":"has-post-thumbnail","7":"category-lajme"},"_links":{"self":[{"href":"https:\/\/radiostargjilan.com\/web\/wp-json\/wp\/v2\/posts\/164480","targetHints":{"allow":["GET"]}}],"collection":[{"href":"https:\/\/radiostargjilan.com\/web\/wp-json\/wp\/v2\/posts"}],"about":[{"href":"https:\/\/radiostargjilan.com\/web\/wp-json\/wp\/v2\/types\/post"}],"author":[{"embeddable":true,"href":"https:\/\/radiostargjilan.com\/web\/wp-json\/wp\/v2\/users\/1"}],"replies":[{"embeddable":true,"href":"https:\/\/radiostargjilan.com\/web\/wp-json\/wp\/v2\/comments?post=164480"}],"version-history":[{"count":0,"href":"https:\/\/radiostargjilan.com\/web\/wp-json\/wp\/v2\/posts\/164480\/revisions"}],"wp:featuredmedia":[{"embeddable":true,"href":"https:\/\/radiostargjilan.com\/web\/wp-json\/wp\/v2\/media\/164481"}],"wp:attachment":[{"href":"https:\/\/radiostargjilan.com\/web\/wp-json\/wp\/v2\/media?parent=164480"}],"wp:term":[{"taxonomy":"category","embeddable":true,"href":"https:\/\/radiostargjilan.com\/web\/wp-json\/wp\/v2\/categories?post=164480"},{"taxonomy":"post_tag","embeddable":true,"href":"https:\/\/radiostargjilan.com\/web\/wp-json\/wp\/v2\/tags?post=164480"}],"curies":[{"name":"wp","href":"https:\/\/api.w.org\/{rel}","templated":true}]}}