{"id":164484,"date":"2024-01-04T12:40:40","date_gmt":"2024-01-04T11:40:40","guid":{"rendered":"https:\/\/radiostargjilan.com\/web\/?p=164484"},"modified":"2024-01-04T12:40:40","modified_gmt":"2024-01-04T11:40:40","slug":"gjermania-me-lehtesira-per-punetoret-e-kualifikuar","status":"publish","type":"post","link":"https:\/\/radiostargjilan.com\/web\/gjermania-me-lehtesira-per-punetoret-e-kualifikuar\/","title":{"rendered":"Gjermania me leht\u00ebsira p\u00ebr pun\u00ebtor\u00ebt e kualifikuar"},"content":{"rendered":"<p>Gjermania vazhdimisht ka qen\u00eb nj\u00eb nd\u00ebr vendet m\u00eb t\u00eb preferuara p\u00ebr shqiptar\u00ebt e Kosov\u00ebs p\u00ebr t\u00eb gjetur pun\u00eb jasht\u00eb vendit. Vitin e kaluar shteti gjerman ka b\u00ebr\u00eb leht\u00ebsime sa i p\u00ebrket marrjes s\u00eb nj\u00eb vize pune, ve\u00e7mas p\u00ebr pun\u00ebtor\u00ebt e kualifikuar.<\/p>\n<p>Gazetari i redaksis\u00eb shqipe n\u00eb Deutsche Welle, Bahri Cani ka treguar kriteret q\u00eb k\u00ebrkon Gjermania p\u00ebr pun\u00ebsim.<\/p>\n<p>\u201cKriteret mbesin t\u00eb nj\u00ebjta; personat duhet t\u00eb ken\u00eb nj\u00eb kontrat\u00eb pune, u duhet nj\u00eb termin dhe t\u00eb marrin nj\u00eb viz\u00eb pune n\u00eb Ambasad\u00ebn e Gjermanis\u00eb n\u00eb Kosov\u00eb\u201d, ka th\u00ebn\u00eb Cani.<\/p>\n<p>Ai ka th\u00ebn\u00eb se vitin q\u00eb e lam\u00eb pas autoritetet gjermane kan\u00eb b\u00ebr\u00eb disa leht\u00ebsime sa i p\u00ebrket vizave t\u00eb pun\u00ebs dhe bashkimit familjar\u00eb.<\/p>\n<p>\u201cGjermania \u00ebsht\u00eb futur n\u00eb nj\u00eb gar\u00eb jasht\u00ebzakonisht t\u00eb ashp\u00ebr nd\u00ebrkomb\u00ebtare p\u00ebr sigurimin e fuqis\u00eb s\u00eb kualifikuar pun\u00ebtore. Sa i p\u00ebrket leht\u00ebsirave, Gjermania ka hartuar vitin e kaluar nj\u00eb ligj q\u00eb mund\u00ebson ardhjen e fuqis\u00eb s\u00eb kualifikuar. Ky ligj do t\u00eb futet n\u00eb fuqi n\u00eb tri faza t\u00eb ndryshme. Faza e par\u00eb \u00ebsht\u00eb futur n\u00eb tetor dhe kjo ka t\u00eb b\u00ebj\u00eb me t\u00eb ashtuquajtur\u00ebn \u2018karter blu\u2019, pra b\u00ebhet fjal\u00eb p\u00ebr personat me kualifikime akademike si dhe p\u00ebr shofer\u00ebt profesionist\u00eb, t\u00eb cil\u00ebt kan\u00eb disa leht\u00ebsime p\u00ebr ardhje n\u00eb Gjermani por edhe p\u00ebr ekspert\u00ebt e Teknologjis\u00eb Informative\u201d, ka th\u00ebn\u00eb Cani, p\u00ebr RTK-n\u00eb.<\/p>\n<p>Sipas tij n\u00eb mars do t\u00eb futet n\u00eb fuqi pjesa e dyt\u00eb e k\u00ebtij ligji, e q\u00eb ka t\u00eb b\u00ebj\u00eb me njohjen e diplomave. \u201cDeri m\u00eb tani \u00ebsht\u00eb dashur q\u00eb njohja e diplomave t\u00eb b\u00ebhet para ardhjes n\u00eb Gjermani, e tani ky ligj e mund\u00ebson njohjen e saj pas ardhjes n\u00eb Gjermani paralelisht me procesin e pun\u00ebs, derisa do t\u00eb futet n\u00eb fuqi edhe nj\u00eb rregull i ri i bashkimit familjar\u00eb, me prind\u00ebr dhe me vjehrri\u201d, ka shtuar Cani.<\/p>\n<p>Ai tutje ka b\u00ebr\u00eb t\u00eb ditur se n\u00eb qershor do t\u00eb futet n\u00eb fuqi pjesa e tret\u00eb e k\u00ebtij ligji q\u00eb ka t\u00eb b\u00ebj\u00eb me kart\u00ebn e shanseve si dhe dyfishimin e vizave p\u00ebr pun\u00eb p\u00ebr pun\u00ebtor\u00ebt e kualifikuar, e ashtuquajtura rregullorja p\u00ebr Ballkanin Per\u00ebndimor.<\/p>\n<p>Sipas Canit bazuar n\u00eb statistikat e autoriteteve t\u00eb atjeshme n\u00eb Gjermani k\u00ebrkohen diku rreth 400 mij\u00eb pun\u00ebtor\u00eb t\u00eb kualifikuar n\u00eb vit, derisa profesionet m\u00eb t\u00eb k\u00ebrkuara jan\u00eb: matematik\u00eb, informatik\u00eb, shkencat natyrore dhe teknologji. Por, shum\u00eb punonj\u00ebs k\u00ebrkohen edhe n\u00eb sektorin e sh\u00ebndet\u00ebsis\u00eb dhe n\u00eb sektorin e p\u00ebrkujdesjes p\u00ebr t\u00eb moshuarit.<\/p>\n<p>Megjithat\u00eb, sipas Canit, Gjermania m\u00eb s\u00eb shumti \u00ebsht\u00eb e p\u00ebrqendruar p\u00ebr tregun e Indis\u00eb, Pakistanit dhe Kin\u00ebs, pasi atje ka fuqi shum\u00eb m\u00eb t\u00eb m\u00ebdha pun\u00ebtore se sa n\u00eb vendet e Ballkanit Per\u00ebndimor.<\/p>\n<p>Cani n\u00eb fund ka th\u00ebn\u00eb se tani kur kosovar\u00ebt e kan\u00eb t\u00eb drejt\u00ebn e l\u00ebvizjes s\u00eb lir\u00eb duhet t\u00eb jen\u00eb t\u00eb kujdessh\u00ebm dhe t\u00eb mos thyejn\u00eb rregullat e liberalizimit.<\/p>\n<p>\u201cNuk rekomandohet q\u00eb me viza turistike t\u00eb fillojn\u00eb pun\u00eb sepse n\u00ebse fillojn\u00eb t\u00eb punojn\u00eb ajo quhet pun\u00eb n\u00eb t\u00eb zez\u00eb, pra \u00ebsht\u00eb ilegale. Dhe p\u00ebr nj\u00eb veprim t\u00eb till\u00eb nd\u00ebshkimet jan\u00eb prej d\u00ebnimit me gjob\u00eb deri n\u00eb 5 vjet ndales\u00eb hyrje n\u00eb Gjermani\u201d, ka p\u00ebrfunduar Cani.<\/p>\n","protected":false},"excerpt":{"rendered":"<p>Gjermania vazhdimisht ka qen\u00eb nj\u00eb nd\u00ebr vendet m\u00eb t\u00eb preferuara p\u00ebr shqiptar\u00ebt e Kosov\u00ebs p\u00ebr t\u00eb gjetur pun\u00eb jasht\u00eb vendit. Vitin e kaluar shteti gjerman ka b\u00ebr\u00eb leht\u00ebsime sa i p\u00ebrket marrjes s\u00eb nj\u00eb vize pune, ve\u00e7mas p\u00ebr pun\u00ebtor\u00ebt e kualifikuar. Gazetari i redaksis\u00eb shqipe n\u00eb Deutsche Welle, Bahri Cani ka treguar kriteret q\u00eb k\u00ebrkon [&hellip;]<\/p>\n","protected":false},"author":1,"featured_media":164485,"comment_status":"closed","ping_status":"closed","sticky":false,"template":"","format":"standard","meta":{"footnotes":""},"categories":[5],"tags":[],"class_list":{"0":"post-164484","1":"post","2":"type-post","3":"status-publish","4":"format-standard","5":"has-post-thumbnail","7":"category-lajme"},"_links":{"self":[{"href":"https:\/\/radiostargjilan.com\/web\/wp-json\/wp\/v2\/posts\/164484","targetHints":{"allow":["GET"]}}],"collection":[{"href":"https:\/\/radiostargjilan.com\/web\/wp-json\/wp\/v2\/posts"}],"about":[{"href":"https:\/\/radiostargjilan.com\/web\/wp-json\/wp\/v2\/types\/post"}],"author":[{"embeddable":true,"href":"https:\/\/radiostargjilan.com\/web\/wp-json\/wp\/v2\/users\/1"}],"replies":[{"embeddable":true,"href":"https:\/\/radiostargjilan.com\/web\/wp-json\/wp\/v2\/comments?post=164484"}],"version-history":[{"count":0,"href":"https:\/\/radiostargjilan.com\/web\/wp-json\/wp\/v2\/posts\/164484\/revisions"}],"wp:featuredmedia":[{"embeddable":true,"href":"https:\/\/radiostargjilan.com\/web\/wp-json\/wp\/v2\/media\/164485"}],"wp:attachment":[{"href":"https:\/\/radiostargjilan.com\/web\/wp-json\/wp\/v2\/media?parent=164484"}],"wp:term":[{"taxonomy":"category","embeddable":true,"href":"https:\/\/radiostargjilan.com\/web\/wp-json\/wp\/v2\/categories?post=164484"},{"taxonomy":"post_tag","embeddable":true,"href":"https:\/\/radiostargjilan.com\/web\/wp-json\/wp\/v2\/tags?post=164484"}],"curies":[{"name":"wp","href":"https:\/\/api.w.org\/{rel}","templated":true}]}}