{"id":165168,"date":"2024-01-15T11:27:04","date_gmt":"2024-01-15T10:27:04","guid":{"rendered":"https:\/\/radiostargjilan.com\/web\/?p=165168"},"modified":"2024-01-15T11:27:04","modified_gmt":"2024-01-15T10:27:04","slug":"rashiti-gjilani-po-katandiset-nga-qeverisja-e-deshtuar-e-vv-se","status":"publish","type":"post","link":"https:\/\/radiostargjilan.com\/web\/rashiti-gjilani-po-katandiset-nga-qeverisja-e-deshtuar-e-vv-se\/","title":{"rendered":"Rashiti: Gjilani po katandiset nga qeverisja e d\u00ebshtuar e VV-s\u00eb"},"content":{"rendered":"<p>Partia Demokratike e Kosov\u00ebs, ishte n\u00eb koalicion me L\u00ebvizjen Vet\u00ebvendosje, por q\u00eb ky bashk\u00ebpunim nuk zgjati shum\u00eb n\u00eb qytetin e Gjilanit shkruan Radio Star.<\/p>\n<p>Kryetari i saj, Riad Rashiti, p\u00ebrmes nj\u00eb postimi n\u00eb \u2018Facebook\u2019, ka hedhur disa akuza p\u00ebr qeverisjen aktuale duke th\u00ebn\u00eb se PDK-ja ka aq shum\u00eb argumente t\u00eb cilat s\u00eb shpejti do ti shpalosen nj\u00eb nga nj\u00eb dhe t\u00eb gjitha d\u00ebshtimet.<\/p>\n<p>Shkrimi i plot\u00eb:<\/p>\n<p>Kan\u00eb qen\u00eb t\u00eb pritura d\u00ebshtimet e nj\u00eb kryetari amator politik, t\u00eb cilit i ka munguar vizioni p\u00ebr qytetin e Gjlanit, i ka munguar p\u00ebrgaditja p\u00ebr t\u00eb udh\u00ebheq\u00eb me institucionet e komun\u00ebs, ai nuk ka arrit\u00eb t\u00eb krijoj\u00eb nj\u00eb ekip profesional p\u00ebr t\u00eb drejtuar s\u00eb paku disa nga sektor\u00ebt m\u00eb t\u00eb r\u00ebnd\u00ebsish\u00ebm q\u00eb jan\u00eb thelb\u00ebsor p\u00ebr nj\u00eb zhvillim ekonomik dhe shoq\u00ebror.<\/p>\n<p>Alban Hyseni nuk ka aspak vullnet dhe energji p\u00ebr pun\u00eb dhe realizim t\u00eb projekteve konkrete. Ai nuk ka aspak dashni p\u00ebr Gjilanin edhe pse shihet plot\u00ebsisht i dashuruar n\u00eb veten e tij dhe n\u00eb krijimtarin\u00eb e rrethit t\u00eb tij t\u00eb ngusht\u00eb.<\/p>\n<p>T\u00eb vetm\u00ebn gj\u00eb q\u00eb po e b\u00ebn\u00eb ai si kryetar komune dhe ekipa e tij, \u00ebsht\u00eb krijimtaria e imazheve t\u00eb shumta p\u00ebrmes programeve t\u00eb animacioneve, duke krijuar foto dhe video mashtrime p\u00ebr kinse projekte t\u00eb reja investive, nd\u00ebrsa e ka t\u00eb pamundur ta mir\u00ebmbaj\u00eb infrastruktur\u00ebn ekzistuese.<\/p>\n<p>Gjendja \u00ebsht\u00eb alarmante n\u00eb sektorin e arsimit, sh\u00ebndet\u00ebsis\u00eb, urbanizmit dhe t\u00eb sh\u00ebrbimeve publike. Nd\u00ebrsa kaos t\u00eb v\u00ebrtet kryetari i komun\u00ebs ka krijuar me buxhetin e komun\u00ebs s\u00eb Gjilanit.<\/p>\n<p>PDK ka aq shum\u00eb argumente t\u00eb cilat s\u00eb shpejti do t\u00eb shpalosen nj\u00eb nga nj\u00eb, t\u00eb gjitha d\u00ebshtimet e qeverisjes s\u00eb VV-s\u00eb n\u00eb Gjilan, abuzimet dhe keqp\u00ebrdorimet e jasht\u00ebzakonshme financiare q\u00eb jan\u00eb b\u00ebr\u00eb gjat\u00eb vitit t\u00eb kaluar, shkeljet ligjore dhe procedurale, nepotizmin n\u00eb pun\u00ebsime dhe p\u00ebr p\u00ebrfituesit e subvencioneve, q\u00eb jan\u00eb b\u00ebr\u00eb drejt\u00ebp\u00ebrdrejt\u00eb nga ana e kryetarit t\u00eb komun\u00ebs, asambleist\u00eb dhe zyrtar\u00eb tjer\u00eb t\u00eb VV-s\u00eb n\u00eb Gjilan.<\/p>\n<p>Fundi i qeverisjes s\u00eb VV-s\u00eb n\u00eb Gjilan p\u00ebrmes llogaridh\u00ebnies ligjore dhe qytetare do t\u00eb jet\u00eb i shum\u00eb i r\u00ebnd\u00eb p\u00ebr ta. Nd\u00ebrsa fundi VV-s\u00eb do t\u00eb jet\u00eb shpres\u00eb dhe fillim i ri p\u00ebr qytetarin e Gjilanit. <\/p>\n<p>PDK do e b\u00ebj\u00eb t\u00eb pamundur\u00ebn p\u00ebr t\u00eb qen\u00eb adresa e t\u00eb gjith\u00eb atyre q\u00eb e duan v\u00ebrtet\u00eb qytetin e Gjilanit dhe pjes\u00ebn e Anamorav\u00ebs.<\/p>\n","protected":false},"excerpt":{"rendered":"<p>Partia Demokratike e Kosov\u00ebs, ishte n\u00eb koalicion me L\u00ebvizjen Vet\u00ebvendosje, por q\u00eb ky bashk\u00ebpunim nuk zgjati shum\u00eb n\u00eb qytetin e Gjilanit shkruan Radio Star. Kryetari i saj, Riad Rashiti, p\u00ebrmes nj\u00eb postimi n\u00eb \u2018Facebook\u2019, ka hedhur disa akuza p\u00ebr qeverisjen aktuale duke th\u00ebn\u00eb se PDK-ja ka aq shum\u00eb argumente t\u00eb cilat s\u00eb shpejti do ti [&hellip;]<\/p>\n","protected":false},"author":1,"featured_media":165169,"comment_status":"closed","ping_status":"closed","sticky":false,"template":"","format":"standard","meta":{"footnotes":""},"categories":[5],"tags":[],"class_list":{"0":"post-165168","1":"post","2":"type-post","3":"status-publish","4":"format-standard","5":"has-post-thumbnail","7":"category-lajme"},"_links":{"self":[{"href":"https:\/\/radiostargjilan.com\/web\/wp-json\/wp\/v2\/posts\/165168","targetHints":{"allow":["GET"]}}],"collection":[{"href":"https:\/\/radiostargjilan.com\/web\/wp-json\/wp\/v2\/posts"}],"about":[{"href":"https:\/\/radiostargjilan.com\/web\/wp-json\/wp\/v2\/types\/post"}],"author":[{"embeddable":true,"href":"https:\/\/radiostargjilan.com\/web\/wp-json\/wp\/v2\/users\/1"}],"replies":[{"embeddable":true,"href":"https:\/\/radiostargjilan.com\/web\/wp-json\/wp\/v2\/comments?post=165168"}],"version-history":[{"count":0,"href":"https:\/\/radiostargjilan.com\/web\/wp-json\/wp\/v2\/posts\/165168\/revisions"}],"wp:featuredmedia":[{"embeddable":true,"href":"https:\/\/radiostargjilan.com\/web\/wp-json\/wp\/v2\/media\/165169"}],"wp:attachment":[{"href":"https:\/\/radiostargjilan.com\/web\/wp-json\/wp\/v2\/media?parent=165168"}],"wp:term":[{"taxonomy":"category","embeddable":true,"href":"https:\/\/radiostargjilan.com\/web\/wp-json\/wp\/v2\/categories?post=165168"},{"taxonomy":"post_tag","embeddable":true,"href":"https:\/\/radiostargjilan.com\/web\/wp-json\/wp\/v2\/tags?post=165168"}],"curies":[{"name":"wp","href":"https:\/\/api.w.org\/{rel}","templated":true}]}}