{"id":165487,"date":"2024-01-21T12:33:56","date_gmt":"2024-01-21T11:33:56","guid":{"rendered":"https:\/\/radiostargjilan.com\/web\/?p=165487"},"modified":"2024-01-21T12:33:56","modified_gmt":"2024-01-21T11:33:56","slug":"haziri-presidenti-rugova-shkaktoi-procese-dhe-realizoi-endrra","status":"publish","type":"post","link":"https:\/\/radiostargjilan.com\/web\/haziri-presidenti-rugova-shkaktoi-procese-dhe-realizoi-endrra\/","title":{"rendered":"Haziri: Presidenti Rugova shkaktoi procese dhe realizoi \u00ebndrra"},"content":{"rendered":"<p>N\u00ebnkryetari i LDK-s\u00eb, Lutfi Haziri, n\u00eb 18-vjetorin e vdekjes s\u00eb ish-presidentit Ibrahim Rugova tha se shkaktoi procese dhe realizoi \u00ebndrra shkruan Radio Star.<\/p>\n<p>Shkrimi i plot\u00eb:<\/p>\n<p>Presidenti Rugova shkaktoi procese dhe realizoi \u00ebndrra<\/p>\n<p>N\u00eb k\u00ebt\u00eb dit\u00eb t\u00eb janarit 2006 u nda nga jeta, por la prapa familjen e tij biologjike n\u00eb Prishtin\u00eb, X\u00ebrx\u00eb, Istog e Rugov\u00eb.<\/p>\n<p>Familjen politike &#8211; LDK, e cila \u00ebsht\u00eb n\u00eb themelet e Liris\u00eb, Pavar\u00ebsis\u00eb dhe demokracis\u00eb dhe popullit t\u00eb tij, ia la trash\u00ebgimi Republik\u00ebn e Kosov\u00ebs s\u00eb 2 Korrikut 1990 dhe 17 Shkurtit 2008. <\/p>\n<p>Reziztenca aktive, paq\u00ebsore dhe politika e tij e solidaritetit, humanizmit e mir\u00ebnjohjes, \u00ebsht\u00eb ajo q\u00eb fitoi zemrat e bot\u00ebs. <\/p>\n<p>Mbi t\u00eb gjitha, ai la trash\u00ebgimi p\u00ebrjet\u00eb edhe dy opsione p\u00ebr zgjidhjen e \u00e7\u00ebshtjes shqiptare ne Ballkan, n\u00eb besim e bashkpunim me miqt\u00eb e parner\u00ebt. Lavdi e p\u00ebrjetshme vepr\u00ebs s\u00eb Presidentit, Dr. Ibrahim Rugova.<\/p>\n","protected":false},"excerpt":{"rendered":"<p>N\u00ebnkryetari i LDK-s\u00eb, Lutfi Haziri, n\u00eb 18-vjetorin e vdekjes s\u00eb ish-presidentit Ibrahim Rugova tha se shkaktoi procese dhe realizoi \u00ebndrra shkruan Radio Star. Shkrimi i plot\u00eb: Presidenti Rugova shkaktoi procese dhe realizoi \u00ebndrra N\u00eb k\u00ebt\u00eb dit\u00eb t\u00eb janarit 2006 u nda nga jeta, por la prapa familjen e tij biologjike n\u00eb Prishtin\u00eb, X\u00ebrx\u00eb, Istog e [&hellip;]<\/p>\n","protected":false},"author":1,"featured_media":165488,"comment_status":"closed","ping_status":"closed","sticky":false,"template":"","format":"standard","meta":{"footnotes":""},"categories":[5],"tags":[],"class_list":{"0":"post-165487","1":"post","2":"type-post","3":"status-publish","4":"format-standard","5":"has-post-thumbnail","7":"category-lajme"},"_links":{"self":[{"href":"https:\/\/radiostargjilan.com\/web\/wp-json\/wp\/v2\/posts\/165487","targetHints":{"allow":["GET"]}}],"collection":[{"href":"https:\/\/radiostargjilan.com\/web\/wp-json\/wp\/v2\/posts"}],"about":[{"href":"https:\/\/radiostargjilan.com\/web\/wp-json\/wp\/v2\/types\/post"}],"author":[{"embeddable":true,"href":"https:\/\/radiostargjilan.com\/web\/wp-json\/wp\/v2\/users\/1"}],"replies":[{"embeddable":true,"href":"https:\/\/radiostargjilan.com\/web\/wp-json\/wp\/v2\/comments?post=165487"}],"version-history":[{"count":0,"href":"https:\/\/radiostargjilan.com\/web\/wp-json\/wp\/v2\/posts\/165487\/revisions"}],"wp:featuredmedia":[{"embeddable":true,"href":"https:\/\/radiostargjilan.com\/web\/wp-json\/wp\/v2\/media\/165488"}],"wp:attachment":[{"href":"https:\/\/radiostargjilan.com\/web\/wp-json\/wp\/v2\/media?parent=165487"}],"wp:term":[{"taxonomy":"category","embeddable":true,"href":"https:\/\/radiostargjilan.com\/web\/wp-json\/wp\/v2\/categories?post=165487"},{"taxonomy":"post_tag","embeddable":true,"href":"https:\/\/radiostargjilan.com\/web\/wp-json\/wp\/v2\/tags?post=165487"}],"curies":[{"name":"wp","href":"https:\/\/api.w.org\/{rel}","templated":true}]}}