{"id":166244,"date":"2024-02-04T21:12:38","date_gmt":"2024-02-04T20:12:38","guid":{"rendered":"https:\/\/radiostargjilan.com\/web\/?p=166244"},"modified":"2024-02-04T21:12:38","modified_gmt":"2024-02-04T20:12:38","slug":"ilmi-mustafa-aak-eshte-adresa-e-sigurt-e-bashkatdhetareve-tane-ne-evrope","status":"publish","type":"post","link":"https:\/\/radiostargjilan.com\/web\/ilmi-mustafa-aak-eshte-adresa-e-sigurt-e-bashkatdhetareve-tane-ne-evrope\/","title":{"rendered":"Ilmi Mustafa: AAK \u00ebsht\u00eb adresa e sigurt e bashkatdhetar\u00ebve tan\u00eb n\u00eb Evrop\u00eb"},"content":{"rendered":"<p>Sot, bashk\u00eb me kryetarin Uk\u00eb Blakaj, takuam strukturat e Aleanc\u00ebs n\u00eb Baden-W\u00fcrttemberg, n\u00eb vazhd\u00ebn e takimeve me deg\u00eb gjithandej Gjermanis\u00eb.<br \/>\nBashk\u00ebbiseduam p\u00ebr situat\u00ebn aktuale politike n\u00eb Kosov\u00eb dhe p\u00ebr organizimin, rrit\u00ebn dhe zgjerimin e Aleanc\u00ebs edhe n\u00eb vende tjera t\u00eb Gjermanis\u00eb.<br \/>\nSikurse u tha sot n\u00eb takim, Aleanca \u00ebsht\u00eb e gatshme p\u00ebr zgjedhje nacionale qofshin ato t\u00eb parakoh\u00ebshme apo t\u00eb rregullta. Aleanca tanim\u00eb \u00ebsht\u00eb adresa e sigurt\u00eb e bashkatdhetar\u00ebve qoft\u00eb n\u00eb Gjermani, Zvic\u00ebr, Austri, Franc\u00eb e kudo n\u00eb Evrop\u00eb e bot\u00eb, sepse \u00ebsht\u00eb nj\u00eb subjekt i d\u00ebshmuar tanim\u00eb, me lider po ashtu t\u00eb d\u00ebshmuar dhe me vizion t\u00eb qart\u00eb.<br \/>\nShihemi n\u00eb takimet tjera gjithandej ku jetojn\u00eb e veprojn\u00eb shqiptar\u00ebt!<\/p>\n","protected":false},"excerpt":{"rendered":"<p>Sot, bashk\u00eb me kryetarin Uk\u00eb Blakaj, takuam strukturat e Aleanc\u00ebs n\u00eb Baden-W\u00fcrttemberg, n\u00eb vazhd\u00ebn e takimeve me deg\u00eb gjithandej Gjermanis\u00eb. Bashk\u00ebbiseduam p\u00ebr situat\u00ebn aktuale politike n\u00eb Kosov\u00eb dhe p\u00ebr organizimin, rrit\u00ebn dhe zgjerimin e Aleanc\u00ebs edhe n\u00eb vende tjera t\u00eb Gjermanis\u00eb. Sikurse u tha sot n\u00eb takim, Aleanca \u00ebsht\u00eb e gatshme p\u00ebr zgjedhje nacionale qofshin [&hellip;]<\/p>\n","protected":false},"author":1,"featured_media":166245,"comment_status":"closed","ping_status":"closed","sticky":false,"template":"","format":"standard","meta":{"footnotes":""},"categories":[5],"tags":[],"class_list":{"0":"post-166244","1":"post","2":"type-post","3":"status-publish","4":"format-standard","5":"has-post-thumbnail","7":"category-lajme"},"_links":{"self":[{"href":"https:\/\/radiostargjilan.com\/web\/wp-json\/wp\/v2\/posts\/166244","targetHints":{"allow":["GET"]}}],"collection":[{"href":"https:\/\/radiostargjilan.com\/web\/wp-json\/wp\/v2\/posts"}],"about":[{"href":"https:\/\/radiostargjilan.com\/web\/wp-json\/wp\/v2\/types\/post"}],"author":[{"embeddable":true,"href":"https:\/\/radiostargjilan.com\/web\/wp-json\/wp\/v2\/users\/1"}],"replies":[{"embeddable":true,"href":"https:\/\/radiostargjilan.com\/web\/wp-json\/wp\/v2\/comments?post=166244"}],"version-history":[{"count":0,"href":"https:\/\/radiostargjilan.com\/web\/wp-json\/wp\/v2\/posts\/166244\/revisions"}],"wp:featuredmedia":[{"embeddable":true,"href":"https:\/\/radiostargjilan.com\/web\/wp-json\/wp\/v2\/media\/166245"}],"wp:attachment":[{"href":"https:\/\/radiostargjilan.com\/web\/wp-json\/wp\/v2\/media?parent=166244"}],"wp:term":[{"taxonomy":"category","embeddable":true,"href":"https:\/\/radiostargjilan.com\/web\/wp-json\/wp\/v2\/categories?post=166244"},{"taxonomy":"post_tag","embeddable":true,"href":"https:\/\/radiostargjilan.com\/web\/wp-json\/wp\/v2\/tags?post=166244"}],"curies":[{"name":"wp","href":"https:\/\/api.w.org\/{rel}","templated":true}]}}