{"id":167506,"date":"2024-02-27T18:29:00","date_gmt":"2024-02-27T17:29:00","guid":{"rendered":"https:\/\/radiostargjilan.com\/web\/?p=167506"},"modified":"2024-02-27T18:29:00","modified_gmt":"2024-02-27T17:29:00","slug":"fillon-ne-gjilan-vaksinimi-i-vajzave-me-hpv-kunder-kancerit-te-qafes-se-mitres","status":"publish","type":"post","link":"https:\/\/radiostargjilan.com\/web\/fillon-ne-gjilan-vaksinimi-i-vajzave-me-hpv-kunder-kancerit-te-qafes-se-mitres\/","title":{"rendered":"Fillon n\u00eb Gjilan vaksinimi i vajzave me HPV, kund\u00ebr kancerit t\u00eb qaf\u00ebs s\u00eb mitr\u00ebs"},"content":{"rendered":"<p>Sikurse n\u00eb Komunat tjera t\u00eb Kosoves edhe n\u00eb Gjilan nga data 26.02.2024, kemi filluar vaksinimin me \u201cHPV\u201d vaksin\u00eb kund\u00ebr Human Papilloma Virusit t\u00eb vajzave n\u00eb klase t\u00eb gjashta, vaksin\u00eb kjo, e re n\u00eb kuader t\u00eb kalendarit t\u00eb rregullt obligativ t\u00eb vaksinimit.<\/p>\n<p>Vaksinimi \u00ebsht\u00eb mase parandaluese, efikase dhe e sigurt\u00eb ndaj s\u00ebmundjeve t\u00eb ndryshme.<br \/>\nVaksina \u201cHPV\u201d mund t\u00eb parandaloj\u00eb m\u00eb shum\u00eb se 95% t\u00eb kancereve t\u00eb shkaktuara me Human Papilloma Virusin (HPV); si\u00e7 jan\u00eb Kanceri i qaf\u00ebs s\u00eb mitres, kanceret tjera t\u00eb organeve gjenitale, lythave gjenital etj.,<\/p>\n<p>Vaksina HPV \u00ebsht\u00eb efekase, \u00ebsht\u00eb e sigurt, nuk ka ndonj\u00eb efekt an\u00ebsor afatgjat\u00eb dhe jepet tek vajzat e mosh\u00ebs 9- 13 vjeq, \u00ebsht\u00eb n\u00eb p\u00ebrdorim n\u00eb 126 shtete t\u00eb bot\u00ebs.<\/p>\n<p>Pro\u00e7esi i vaksinimit po kryhet n\u00eb bashk\u00ebpunim me Drejtorin\u00eb Komunale t\u00eb arsimit, drejtor\u00ebt e shkollave fillore t\u00eb komunes son\u00eb ku me ta do t\u00eb organizohet vaksinimi i t\u00eb gjitha vajzave n\u00ebp\u00ebr t\u00eb gjitha shkollat e qytetit si dhe n\u00ebp\u00ebr fshatra, pra kemi p\u00ebrkrahjen e plot\u00eb gjat\u00eb t\u00ebr\u00eb pro\u00e7esit t\u00eb vaksinimit .<\/p>\n<p>Ekipet e vaksinimit do t\u00eb kontaktojn\u00eb Drejtor\u00ebt e shkollave n\u00eb vendbanimet p\u00ebrkat\u00ebse.<\/p>\n<p>Apelojm\u00eb te prinderit q\u00eb t\u00eb i p\u00ebrgjigj\u00ebn ftes\u00ebs son\u00eb p\u00ebr vaksinim t\u00eb f\u00ebmij\u00ebve t\u00eb tyre me \u201cHPV\u201d vaksin\u00eb p\u00ebr t\u00eb siguruar nj\u00eb mir\u00ebqenie sh\u00ebndet\u00ebsore, p\u00ebr t\u00eb ardhm\u00ebn e f\u00ebmij\u00ebve t\u00eb tyre.<\/p>\n<p>Vaksinoni f\u00ebmij\u00ebt tuaj .<br \/>\nKanceri i qaf\u00ebs s\u00eb mitr\u00ebs munde t\u00eb parandalohet .<\/p>\n","protected":false},"excerpt":{"rendered":"<p>Sikurse n\u00eb Komunat tjera t\u00eb Kosoves edhe n\u00eb Gjilan nga data 26.02.2024, kemi filluar vaksinimin me \u201cHPV\u201d vaksin\u00eb kund\u00ebr Human Papilloma Virusit t\u00eb vajzave n\u00eb klase t\u00eb gjashta, vaksin\u00eb kjo, e re n\u00eb kuader t\u00eb kalendarit t\u00eb rregullt obligativ t\u00eb vaksinimit. Vaksinimi \u00ebsht\u00eb mase parandaluese, efikase dhe e sigurt\u00eb ndaj s\u00ebmundjeve t\u00eb ndryshme. Vaksina \u201cHPV\u201d [&hellip;]<\/p>\n","protected":false},"author":1,"featured_media":167507,"comment_status":"closed","ping_status":"closed","sticky":false,"template":"","format":"standard","meta":{"footnotes":""},"categories":[5],"tags":[],"class_list":{"0":"post-167506","1":"post","2":"type-post","3":"status-publish","4":"format-standard","5":"has-post-thumbnail","7":"category-lajme"},"_links":{"self":[{"href":"https:\/\/radiostargjilan.com\/web\/wp-json\/wp\/v2\/posts\/167506","targetHints":{"allow":["GET"]}}],"collection":[{"href":"https:\/\/radiostargjilan.com\/web\/wp-json\/wp\/v2\/posts"}],"about":[{"href":"https:\/\/radiostargjilan.com\/web\/wp-json\/wp\/v2\/types\/post"}],"author":[{"embeddable":true,"href":"https:\/\/radiostargjilan.com\/web\/wp-json\/wp\/v2\/users\/1"}],"replies":[{"embeddable":true,"href":"https:\/\/radiostargjilan.com\/web\/wp-json\/wp\/v2\/comments?post=167506"}],"version-history":[{"count":0,"href":"https:\/\/radiostargjilan.com\/web\/wp-json\/wp\/v2\/posts\/167506\/revisions"}],"wp:featuredmedia":[{"embeddable":true,"href":"https:\/\/radiostargjilan.com\/web\/wp-json\/wp\/v2\/media\/167507"}],"wp:attachment":[{"href":"https:\/\/radiostargjilan.com\/web\/wp-json\/wp\/v2\/media?parent=167506"}],"wp:term":[{"taxonomy":"category","embeddable":true,"href":"https:\/\/radiostargjilan.com\/web\/wp-json\/wp\/v2\/categories?post=167506"},{"taxonomy":"post_tag","embeddable":true,"href":"https:\/\/radiostargjilan.com\/web\/wp-json\/wp\/v2\/tags?post=167506"}],"curies":[{"name":"wp","href":"https:\/\/api.w.org\/{rel}","templated":true}]}}