{"id":167710,"date":"2024-03-02T16:39:09","date_gmt":"2024-03-02T15:39:09","guid":{"rendered":"https:\/\/radiostargjilan.com\/web\/?p=167710"},"modified":"2024-03-02T16:39:09","modified_gmt":"2024-03-02T15:39:09","slug":"osmani-takohet-me-erdoganin-ne-turqi-faliminderit-president-per-miqesine-perkushtimin-dhe-mbeshtetjen","status":"publish","type":"post","link":"https:\/\/radiostargjilan.com\/web\/osmani-takohet-me-erdoganin-ne-turqi-faliminderit-president-per-miqesine-perkushtimin-dhe-mbeshtetjen\/","title":{"rendered":"Osmani takohet me Erdoganin n\u00eb Turqi: Faliminderit president p\u00ebr miq\u00ebsin\u00eb, p\u00ebrkushtimin dhe mb\u00ebshtetjen"},"content":{"rendered":"<p><strong>Presidentja e Kosov\u00ebs, Vjosa Osmani, sot \u00ebsht\u00eb takuar n\u00eb Turqi me presidentin Reccep Tayip Erdogan.<\/strong><\/p>\n<p>Osmani ka th\u00ebn\u00eb se e ka fal\u00ebnderuar presidentin turk p\u00ebr p\u00ebrkrahjen, miq\u00ebsin\u00eb dhe p\u00ebrkushtimin p\u00ebr Kosov\u00ebn.<\/p>\n<p>\u201cFaleminderit, President Erdo\u011fan!P\u00ebr miq\u00ebsin\u00eb, p\u00ebr p\u00ebrkushtimin dhe p\u00ebr mb\u00ebshtetjen p\u00ebr Kosov\u00ebn!<\/p>\n<p>K\u00ebnaq\u00ebsi ta rikonfirmojm\u00eb pun\u00ebn ton\u00eb t\u00eb p\u00ebrbashk\u00ebt p\u00ebr thellimin e raporteve bilaterale dhe fuqizimin e lidhjeve nd\u00ebrmjet vendeve dhe qytetar\u00ebve tan\u00eb!\u201d, ka shkruar Osmani.\/Express\/<\/p>\n<div><\/div>\n<p><iframe loading=\"lazy\" src=\"https:\/\/www.facebook.com\/plugins\/post.php?href=https%3A%2F%2Fwww.facebook.com%2FVjosaOsmaniMP%2Fposts%2Fpfbid0MET6kTAcZGPyW7ncEwGonT7EthTFsVGA2dBdBmkugvwHH8Y8w1xeGWLTsqxANXiUl&amp;show_text=true&amp;width=500\" width=\"500\" height=\"735\" frameborder=\"0\" scrolling=\"no\" allowfullscreen=\"allowfullscreen\" data-mce-fragment=\"1\"><\/iframe><\/p>\n","protected":false},"excerpt":{"rendered":"<p>Presidentja e Kosov\u00ebs, Vjosa Osmani, sot \u00ebsht\u00eb takuar n\u00eb Turqi me presidentin Reccep Tayip Erdogan. Osmani ka th\u00ebn\u00eb se e ka fal\u00ebnderuar presidentin turk p\u00ebr p\u00ebrkrahjen, miq\u00ebsin\u00eb dhe p\u00ebrkushtimin p\u00ebr Kosov\u00ebn. \u201cFaleminderit, President Erdo\u011fan!P\u00ebr miq\u00ebsin\u00eb, p\u00ebr p\u00ebrkushtimin dhe p\u00ebr mb\u00ebshtetjen p\u00ebr Kosov\u00ebn! K\u00ebnaq\u00ebsi ta rikonfirmojm\u00eb pun\u00ebn ton\u00eb t\u00eb p\u00ebrbashk\u00ebt p\u00ebr thellimin e raporteve bilaterale dhe [&hellip;]<\/p>\n","protected":false},"author":1,"featured_media":167711,"comment_status":"closed","ping_status":"closed","sticky":false,"template":"","format":"standard","meta":{"footnotes":""},"categories":[5],"tags":[],"class_list":{"0":"post-167710","1":"post","2":"type-post","3":"status-publish","4":"format-standard","5":"has-post-thumbnail","7":"category-lajme"},"_links":{"self":[{"href":"https:\/\/radiostargjilan.com\/web\/wp-json\/wp\/v2\/posts\/167710","targetHints":{"allow":["GET"]}}],"collection":[{"href":"https:\/\/radiostargjilan.com\/web\/wp-json\/wp\/v2\/posts"}],"about":[{"href":"https:\/\/radiostargjilan.com\/web\/wp-json\/wp\/v2\/types\/post"}],"author":[{"embeddable":true,"href":"https:\/\/radiostargjilan.com\/web\/wp-json\/wp\/v2\/users\/1"}],"replies":[{"embeddable":true,"href":"https:\/\/radiostargjilan.com\/web\/wp-json\/wp\/v2\/comments?post=167710"}],"version-history":[{"count":0,"href":"https:\/\/radiostargjilan.com\/web\/wp-json\/wp\/v2\/posts\/167710\/revisions"}],"wp:featuredmedia":[{"embeddable":true,"href":"https:\/\/radiostargjilan.com\/web\/wp-json\/wp\/v2\/media\/167711"}],"wp:attachment":[{"href":"https:\/\/radiostargjilan.com\/web\/wp-json\/wp\/v2\/media?parent=167710"}],"wp:term":[{"taxonomy":"category","embeddable":true,"href":"https:\/\/radiostargjilan.com\/web\/wp-json\/wp\/v2\/categories?post=167710"},{"taxonomy":"post_tag","embeddable":true,"href":"https:\/\/radiostargjilan.com\/web\/wp-json\/wp\/v2\/tags?post=167710"}],"curies":[{"name":"wp","href":"https:\/\/api.w.org\/{rel}","templated":true}]}}