{"id":168000,"date":"2024-03-08T12:50:53","date_gmt":"2024-03-08T11:50:53","guid":{"rendered":"https:\/\/radiostargjilan.com\/web\/?p=168000"},"modified":"2024-03-08T12:50:53","modified_gmt":"2024-03-08T11:50:53","slug":"ask-ja-gati-per-regjistrimin-e-popullsise-perfshihet-edhe-diaspora","status":"publish","type":"post","link":"https:\/\/radiostargjilan.com\/web\/ask-ja-gati-per-regjistrimin-e-popullsise-perfshihet-edhe-diaspora\/","title":{"rendered":"ASK-ja gati p\u00ebr regjistrimin e popullsis\u00eb, p\u00ebrfshihet edhe diaspora"},"content":{"rendered":"<p>Agjencia e Statistikave t\u00eb Kosov\u00ebs (ASK) \u00ebsht\u00eb e gatshme t\u00eb filloj\u00eb procesin e regjistrimit t\u00eb popullsis\u00eb, q\u00eb nis nga data 5 prill deri m\u00eb 17 maj t\u00eb k\u00ebtij viti.<\/p>\n<p>Ushtruesi i detyr\u00ebs s\u00eb drejtorit ekzekutiv t\u00eb ASK-s\u00eb, Avni Kastrati, n\u00eb konferenc\u00ebn me rastin e hapjes s\u00eb Fushat\u00ebs p\u00ebr Komunikim dhe Sensibilizim p\u00ebr Regjistrimin e Popullsis\u00eb, Ekonomive Familjare dhe Banesave n\u00eb Kosov\u00eb, tha se kan\u00eb mbetur vet\u00ebm 27 dit\u00eb nga fillimi i regjistrimit t\u00eb popullsis\u00eb.<\/p>\n<p>Ai tha se n\u00eb k\u00ebt\u00eb regjistrim do t\u00eb p\u00ebrfshihet edhe diaspora.<\/p>\n<p>\u201cFushata sensibilizuese preferohet t\u00eb b\u00ebhet vet\u00ebm disa jav\u00eb para regjistrimit t\u00eb popullsis\u00eb. Na kan\u00eb mbetur vet\u00ebm 27 dit\u00eb nga regjistrimi i popullsis\u00eb. E kemi z\u00ebn\u00eb trenin e fundit t\u00eb vitit 2024, pasi ishte dhe pandemia. Sivjet jan\u00eb tri shtete n\u00eb bot\u00eb q\u00eb do t\u00eb shkojn\u00eb n\u00eb regjistrim t\u00eb popullsis\u00eb, Gjeorgjia, Moldova dhe Kosova. Shtetet tjera e kan\u00eb b\u00ebr\u00eb dhe disa nuk e kan\u00eb b\u00ebr\u00eb si\u00e7 \u00ebsht\u00eb Bosnja e Hercegovina, pasi ka sfida. ASK-ja \u00ebsht\u00eb e gatshme q\u00eb t\u00eb shkoj\u00eb n\u00eb regjistrim t\u00eb popullsis\u00eb\u201d, tha ai.<\/p>\n<p>Tutje Kastrati tregoi se projekti p\u00ebr regjistrimin e popullsis\u00eb \u00ebsht\u00eb i bazuar n\u00eb Ligjin p\u00ebr regjistrimin e popullsis\u00eb dhe n\u00eb dy rregullore. Kastrati tha se pyet\u00ebsori do t\u00eb b\u00ebhet publik s\u00eb shpejti p\u00ebr t\u00eb gjith\u00eb qytetar\u00ebt dhe do t\u00eb jet\u00eb online p\u00ebr t\u2019i par\u00eb pyetjet.<\/p>\n<p>\u201cP\u00ebr finalizimin e shum\u00eb aktiviteteve kontribut shum\u00eb t\u00eb \u00e7muar kan\u00eb dh\u00ebn\u00eb p\u00ebrve\u00e7 institucioneve vendore duke filluar nga Qeveria, ministrit\u00eb dhe agjencit\u00eb dhe institucionet nd\u00ebrkomb\u00ebtare. Jan\u00eb mbajt dy takime t\u00eb m\u00ebdha t\u00ebr\u00eb jav\u00ebn ku kan\u00eb qen\u00eb t\u00eb ftuar mbi 200 institucione apo p\u00ebrfaq\u00ebsuar t\u00eb tyre. ASK-ja i ka implementuar rekomandimet nd\u00ebrkomb\u00ebtare dhe ka nj\u00eb konsistenc\u00eb nga regjistrimi i kaluar i vitit 2011 p\u00ebr shkak t\u00eb krahasueshm\u00ebris\u00eb s\u00eb pyetjeve. Tri objekte q\u00eb do t\u00eb regjistrohen: nj\u00eb \u00ebsht\u00eb popullsia, ekonomit\u00eb familjare dhe t\u00eb gjitha banesat, sht\u00ebpit\u00eb dhe objektet fizike q\u00eb duken mbi tok\u00eb\u201d, tha Kastrati.<\/p>\n<p>Gjithashtu Kastrati theksoi se regjistrimi i popullsis\u00eb do t\u00eb b\u00ebhet edhe p\u00ebr ata q\u00eb jetojn\u00eb jasht\u00eb Kosov\u00ebs, apo diaspora.<\/p>\n<p>Kastrati po ashtu tha se t\u00eb dh\u00ebnat preliminare do t\u00eb publikohen vet\u00ebm tre muaj pas kryerjes s\u00eb regjistrimit.<\/p>\n<p>\u201cNd\u00ebrsa t\u00eb dh\u00ebnat finale do t\u00eb publikohen n\u00ebnt\u00eb muaj pas regjistrimit t\u00eb popullsis\u00eb\u201d, tha ai. \/EO<\/p>\n","protected":false},"excerpt":{"rendered":"<p>Agjencia e Statistikave t\u00eb Kosov\u00ebs (ASK) \u00ebsht\u00eb e gatshme t\u00eb filloj\u00eb procesin e regjistrimit t\u00eb popullsis\u00eb, q\u00eb nis nga data 5 prill deri m\u00eb 17 maj t\u00eb k\u00ebtij viti. Ushtruesi i detyr\u00ebs s\u00eb drejtorit ekzekutiv t\u00eb ASK-s\u00eb, Avni Kastrati, n\u00eb konferenc\u00ebn me rastin e hapjes s\u00eb Fushat\u00ebs p\u00ebr Komunikim dhe Sensibilizim p\u00ebr Regjistrimin e Popullsis\u00eb, [&hellip;]<\/p>\n","protected":false},"author":1,"featured_media":168001,"comment_status":"closed","ping_status":"closed","sticky":false,"template":"","format":"standard","meta":{"footnotes":""},"categories":[5],"tags":[],"class_list":{"0":"post-168000","1":"post","2":"type-post","3":"status-publish","4":"format-standard","5":"has-post-thumbnail","7":"category-lajme"},"_links":{"self":[{"href":"https:\/\/radiostargjilan.com\/web\/wp-json\/wp\/v2\/posts\/168000","targetHints":{"allow":["GET"]}}],"collection":[{"href":"https:\/\/radiostargjilan.com\/web\/wp-json\/wp\/v2\/posts"}],"about":[{"href":"https:\/\/radiostargjilan.com\/web\/wp-json\/wp\/v2\/types\/post"}],"author":[{"embeddable":true,"href":"https:\/\/radiostargjilan.com\/web\/wp-json\/wp\/v2\/users\/1"}],"replies":[{"embeddable":true,"href":"https:\/\/radiostargjilan.com\/web\/wp-json\/wp\/v2\/comments?post=168000"}],"version-history":[{"count":0,"href":"https:\/\/radiostargjilan.com\/web\/wp-json\/wp\/v2\/posts\/168000\/revisions"}],"wp:featuredmedia":[{"embeddable":true,"href":"https:\/\/radiostargjilan.com\/web\/wp-json\/wp\/v2\/media\/168001"}],"wp:attachment":[{"href":"https:\/\/radiostargjilan.com\/web\/wp-json\/wp\/v2\/media?parent=168000"}],"wp:term":[{"taxonomy":"category","embeddable":true,"href":"https:\/\/radiostargjilan.com\/web\/wp-json\/wp\/v2\/categories?post=168000"},{"taxonomy":"post_tag","embeddable":true,"href":"https:\/\/radiostargjilan.com\/web\/wp-json\/wp\/v2\/tags?post=168000"}],"curies":[{"name":"wp","href":"https:\/\/api.w.org\/{rel}","templated":true}]}}