{"id":168245,"date":"2024-03-12T11:58:07","date_gmt":"2024-03-12T10:58:07","guid":{"rendered":"https:\/\/radiostargjilan.com\/web\/?p=168245"},"modified":"2024-03-12T11:58:35","modified_gmt":"2024-03-12T10:58:35","slug":"kerkesen-per-vertetim-te-kaluares-kriminale-mund-ta-merrni-ne-platformen-e-kosova","status":"publish","type":"post","link":"https:\/\/radiostargjilan.com\/web\/kerkesen-per-vertetim-te-kaluares-kriminale-mund-ta-merrni-ne-platformen-e-kosova\/","title":{"rendered":"K\u00ebrkes\u00ebn p\u00ebr v\u00ebrtetim t\u00eb kaluar\u00ebs kri:minale mund ta merrni n\u00eb platform\u00ebn e-Kosova"},"content":{"rendered":"<p>Nga tani p\u00ebrmes Platform\u00ebs eKosova mund t\u00eb parashtroni k\u00ebrkes\u00ebn dhe t\u00eb pranoni v\u00ebrtetimin e t\u00eb kaluar\u00ebs kriminale nga Policia e Kosov\u00ebs, t\u00ebr\u00ebsisht n\u00eb m\u00ebnyr\u00eb digjitale.<\/p>\n<div class=\"des-adv\">\u201cE gjitha q\u00eb ju nevojitet \u00ebsht\u00eb q\u00eb t\u00eb parashtroni k\u00ebrkes\u00ebn dhe t\u00eb prisni derisa zyrtar\u00ebt p\u00ebrgjegj\u00ebs nga Policia e Kosov\u00ebs t\u00eb trajtojn\u00eb k\u00ebrkes\u00ebn tuaj. Pasi q\u00eb k\u00ebrkesa e juaj t\u00eb jet\u00eb trajtuar, ju do t\u00eb njoftoheni n\u00eb m\u00ebnyre automatike p\u00ebr t\u00eb shkarkuar versionjin elektronik t\u00eb dokumentit t\u00eb n\u00ebnshkruar n\u00eb m\u00ebnyre digjitale\u201d, thuhet n\u00eb njoftimin e eKosova n\u00eb Facebook.<\/div>\n<p><iframe loading=\"lazy\" src=\"https:\/\/www.facebook.com\/plugins\/post.php?href=https%3A%2F%2Fwww.facebook.com%2Fekosovaplatform%2Fposts%2Fpfbid0WRWcJxyygYbhbNCX4gQVzc6AjcDRvkVuPsRr1zkGafMojTHbkJZp99Df5ABg4KnRl&amp;show_text=true&amp;width=500\" width=\"500\" height=\"680\" frameborder=\"0\" scrolling=\"no\" allowfullscreen=\"allowfullscreen\"><\/iframe><\/p>\n","protected":false},"excerpt":{"rendered":"<p>Nga tani p\u00ebrmes Platform\u00ebs eKosova mund t\u00eb parashtroni k\u00ebrkes\u00ebn dhe t\u00eb pranoni v\u00ebrtetimin e t\u00eb kaluar\u00ebs kriminale nga Policia e Kosov\u00ebs, t\u00ebr\u00ebsisht n\u00eb m\u00ebnyr\u00eb digjitale. \u201cE gjitha q\u00eb ju nevojitet \u00ebsht\u00eb q\u00eb t\u00eb parashtroni k\u00ebrkes\u00ebn dhe t\u00eb prisni derisa zyrtar\u00ebt p\u00ebrgjegj\u00ebs nga Policia e Kosov\u00ebs t\u00eb trajtojn\u00eb k\u00ebrkes\u00ebn tuaj. Pasi q\u00eb k\u00ebrkesa e juaj t\u00eb [&hellip;]<\/p>\n","protected":false},"author":1,"featured_media":168246,"comment_status":"closed","ping_status":"closed","sticky":false,"template":"","format":"standard","meta":{"footnotes":""},"categories":[5],"tags":[],"class_list":{"0":"post-168245","1":"post","2":"type-post","3":"status-publish","4":"format-standard","5":"has-post-thumbnail","7":"category-lajme"},"_links":{"self":[{"href":"https:\/\/radiostargjilan.com\/web\/wp-json\/wp\/v2\/posts\/168245","targetHints":{"allow":["GET"]}}],"collection":[{"href":"https:\/\/radiostargjilan.com\/web\/wp-json\/wp\/v2\/posts"}],"about":[{"href":"https:\/\/radiostargjilan.com\/web\/wp-json\/wp\/v2\/types\/post"}],"author":[{"embeddable":true,"href":"https:\/\/radiostargjilan.com\/web\/wp-json\/wp\/v2\/users\/1"}],"replies":[{"embeddable":true,"href":"https:\/\/radiostargjilan.com\/web\/wp-json\/wp\/v2\/comments?post=168245"}],"version-history":[{"count":0,"href":"https:\/\/radiostargjilan.com\/web\/wp-json\/wp\/v2\/posts\/168245\/revisions"}],"wp:featuredmedia":[{"embeddable":true,"href":"https:\/\/radiostargjilan.com\/web\/wp-json\/wp\/v2\/media\/168246"}],"wp:attachment":[{"href":"https:\/\/radiostargjilan.com\/web\/wp-json\/wp\/v2\/media?parent=168245"}],"wp:term":[{"taxonomy":"category","embeddable":true,"href":"https:\/\/radiostargjilan.com\/web\/wp-json\/wp\/v2\/categories?post=168245"},{"taxonomy":"post_tag","embeddable":true,"href":"https:\/\/radiostargjilan.com\/web\/wp-json\/wp\/v2\/tags?post=168245"}],"curies":[{"name":"wp","href":"https:\/\/api.w.org\/{rel}","templated":true}]}}