{"id":169344,"date":"2024-04-01T22:34:45","date_gmt":"2024-04-01T20:34:45","guid":{"rendered":"https:\/\/radiostargjilan.com\/web\/?p=169344"},"modified":"2024-04-01T22:34:45","modified_gmt":"2024-04-01T20:34:45","slug":"me-16-prill-asambleja-parlamentare-diskuton-per-anetaresimin-e-kosoves-ne-kie","status":"publish","type":"post","link":"https:\/\/radiostargjilan.com\/web\/me-16-prill-asambleja-parlamentare-diskuton-per-anetaresimin-e-kosoves-ne-kie\/","title":{"rendered":"M\u00eb 16 prill Asambleja Parlamentare diskuton p\u00ebr an\u00ebtar\u00ebsimin e Kosov\u00ebs n\u00eb KiE"},"content":{"rendered":"<p><strong>Asambleja Parlamentare e K\u00ebshillit t\u00eb Evrop\u00ebs fillimisht kishte paralajm\u00ebruar se m\u00eb 18 prill do t\u00eb diskutonte p\u00ebr an\u00ebtar\u00ebsimin e Kosov\u00ebs n\u00eb KiE. Mir\u00ebpo ka nd\u00ebrruar agjenda dhe diskutimi do t\u00eb mbahet dy dit\u00eb m\u00eb her\u00ebt, m\u00eb 16 prill.<\/strong><\/p>\n<p>N\u00eb k\u00ebt\u00eb diskutim do t\u00eb ket\u00eb prezantim t\u00eb raportit nga Raportuesja p\u00ebr Kosov\u00ebn, Dora Baokyannis, Azdeh Rojhan nga Suedia dhe Beatrice Fresko Rolfo nga Monaco.<\/p>\n<p>Pas debatit do t\u00eb ket\u00eb edhe votim dhe n\u00ebse Kosova kalon me sukses k\u00ebt\u00eb faz\u00eb, votimi q\u00eb pritet t\u00eb ndodh n\u00eb maj n\u00eb K\u00ebshillin e Ministrave t\u00eb KiE do t\u00eb jet\u00eb ai q\u00eb do t\u00eb p\u00ebrcaktoj\u00eb n\u00ebse Kosova do t\u00eb arrij\u00eb t\u00eb an\u00ebtar\u00ebsohet n\u00eb K\u00ebshill t\u00eb Evrop\u00ebs.<\/p>\n<p>Kosova m\u00eb 27 mars e ka kaluar me sukses votimin n\u00eb Komitetin e Asambles\u00eb Parlamentare t\u00eb K\u00ebshillit t\u00eb Evrop\u00ebs.<\/p>\n<p>Me 31 vota p\u00ebr, 4 kund\u00ebr dhe 1 abstenim, Komisioni p\u00ebr \u00c7\u00ebshtje Politike e ka miratuar opinionin e raportueses p\u00ebr Kosov\u00ebn, Dora Bakoyannis, e cila e rekomandon K\u00ebshillin e Evrop\u00ebs q\u00eb ta ftoj\u00eb Kosov\u00ebn p\u00ebr t\u2019u b\u00ebr\u00eb an\u00ebtare.<\/p>\n<p>Hapi i radh\u00ebs, sipas k\u00ebtij komiteti, do t\u00eb jet\u00eb votimi i raportit para Asambles\u00eb Parlamentare n\u00eb p\u00ebrb\u00ebrjen e saj t\u00eb plot\u00eb.<\/p>\n<p>Presidentja e Kosov\u00ebs, Vjosa Osmani pas k\u00ebtij vendimi tha se Kosov\u00ebs i ka mbetur vet\u00ebm edhe nj\u00eb hap p\u00ebr an\u00ebtar\u00ebsim.<\/p>\n<p>\u201cNe do t\u00eb vazhdojm\u00eb pun\u00ebn me aleat\u00ebt p\u00ebr t\u2019u siguriar se t\u00eb gjith\u00eb qytetar\u00ebt tan\u00eb t\u00eb ken\u00eb qasje n\u00eb instrumentet e KiE-s\u00eb n\u00ebp\u00ebrmjet an\u00ebtar\u00ebsimit t\u00eb plot\u00eb\u201d, ka shkruar Osmani n\u00eb rrjetin social \u201cX\u201d.<\/p>\n<p>Kurse kryeministri Albin Kurti e kaquajtur arritje t\u00eb madhe faktin q\u00eb Komisioni p\u00ebr \u00c7\u00ebshtje Politike e ka miratuar opinionin e raportueses p\u00ebr Kosov\u00ebn, Dora Bakoyannis, e cila e rekomandon K\u00ebshillin e Evrop\u00ebs q\u00eb ta ftoj\u00eb Kosov\u00ebn p\u00ebr t\u2019u b\u00ebr\u00eb an\u00ebtare.<\/p>\n<p>Kurti tha se ky \u00ebsht\u00eb vet\u00ebm hapi i par\u00eb, teksa muajin tjet\u00ebr do t\u00eb votohet n\u00eb Asamblen\u00eb Parlamentare n\u00eb K\u00ebshill t\u00eb Evrop\u00ebs dhe hapi p\u00ebrmbyll\u00ebs \u00ebsht\u00eb ai n\u00eb mbledhjen e K\u00ebshillit t\u00eb Ministrave n\u00eb muajin maj.<\/p>\n<p>Ky opinion rekomandon an\u00ebtar\u00ebsimin e Kosov\u00ebs n\u00eb K\u00ebshillin e Evrop\u00ebs pa asnj\u00eb parakusht shtes\u00eb. Asnj\u00eb nga zotimet q\u00eb duhet t\u2019i marr\u00eb p\u00ebrsip\u00ebr Kosova nuk k\u00ebrkohet t\u00eb realizohen para an\u00ebtar\u00ebsimit. Madje n\u00eb pik\u00ebn 11 thuhet se zotimi duhet t\u00eb adresohet pas an\u00ebtar\u00ebsimit.<\/p>\n<p>T\u00eb gjitha propozimet q\u00eb t\u00eb vendosen parakushte t\u00eb reja jan\u00eb refuzuar nga shumica e an\u00ebtar\u00ebve t\u00eb Komitetit, gj\u00eb q\u00eb tregon se Kosova duhet t\u00eb b\u00ebhet an\u00ebtare n\u00eb maj t\u00eb k\u00ebtij viti.<\/p>\n<p>Opinioni k\u00ebrkon largimin e fusnot\u00ebs nga denominimi i Kosov\u00ebs, fusnot\u00eb e cila \u00ebsht\u00eb p\u00ebrdorur q\u00eb nga viti 2008 n\u00eb \u00e7do raport dhe komunikim mbi dhe me Kosov\u00ebn. Gjithashtu, rekomandohet q\u00eb Kosova t\u00eb ftohet si shtet (state), sipas nenit 4 t\u00eb Statutit t\u00eb KiE, dhe jo si vend (country), sipas nenit 5.<\/p>\n<p>Suksesi i sot\u00ebm hap\u00eb rrug\u00ebn p\u00ebr votimin e opinionit n\u00eb sesionin e Asambles\u00eb Parlamentare t\u00eb K\u00ebshillit t\u00eb Evrop\u00ebs, i cili do t\u00eb mbahet n\u00eb Strasburg n\u00eb jav\u00ebn e 15 prillit. Pas votimit t\u00eb suksessh\u00ebm aty, opinioni do t\u2019i d\u00ebrgohet Komitetit t\u00eb Ministrave t\u00eb cil\u00ebt duhet t\u00eb votojn\u00eb p\u00ebr an\u00ebtar\u00ebsimin e Kosov\u00ebs n\u00eb ministerialin e radh\u00ebs q\u00eb do t\u00eb mbahet n\u00eb maj t\u00eb k\u00ebtij viti.<\/p>\n<p>An\u00ebtar\u00ebsimi i Kosov\u00ebs n\u00eb K\u00ebshillin e Evrop\u00ebs do t\u00eb ket\u00eb ndikim n\u00eb promovimin dhe mbrojtjen e t\u00eb drejtave t\u00eb t\u00eb gjitha komuniteteve t\u00eb Kosov\u00ebs.<\/p>\n<p><img loading=\"lazy\" loading=\"lazy\" decoding=\"async\" class=\"alignnone wp-image-937303 size-full\" src=\"https:\/\/reporteri.net\/wp-content\/uploads\/2024\/04\/Kie.jpg\" sizes=\"auto, (max-width: 1282px) 100vw, 1282px\" srcset=\"https:\/\/reporteri.net\/wp-content\/uploads\/2024\/04\/Kie.jpg 1282w, https:\/\/reporteri.net\/wp-content\/uploads\/2024\/04\/Kie-300x108.jpg 300w, https:\/\/reporteri.net\/wp-content\/uploads\/2024\/04\/Kie-1024x368.jpg 1024w, https:\/\/reporteri.net\/wp-content\/uploads\/2024\/04\/Kie-768x276.jpg 768w\" alt=\"\" width=\"1282\" height=\"461\" \/><\/p>\n","protected":false},"excerpt":{"rendered":"<p>Asambleja Parlamentare e K\u00ebshillit t\u00eb Evrop\u00ebs fillimisht kishte paralajm\u00ebruar se m\u00eb 18 prill do t\u00eb diskutonte p\u00ebr an\u00ebtar\u00ebsimin e Kosov\u00ebs n\u00eb KiE. Mir\u00ebpo ka nd\u00ebrruar agjenda dhe diskutimi do t\u00eb mbahet dy dit\u00eb m\u00eb her\u00ebt, m\u00eb 16 prill. N\u00eb k\u00ebt\u00eb diskutim do t\u00eb ket\u00eb prezantim t\u00eb raportit nga Raportuesja p\u00ebr Kosov\u00ebn, Dora Baokyannis, Azdeh Rojhan [&hellip;]<\/p>\n","protected":false},"author":1,"featured_media":169086,"comment_status":"closed","ping_status":"closed","sticky":false,"template":"","format":"standard","meta":{"footnotes":""},"categories":[5],"tags":[],"class_list":{"0":"post-169344","1":"post","2":"type-post","3":"status-publish","4":"format-standard","5":"has-post-thumbnail","7":"category-lajme"},"_links":{"self":[{"href":"https:\/\/radiostargjilan.com\/web\/wp-json\/wp\/v2\/posts\/169344","targetHints":{"allow":["GET"]}}],"collection":[{"href":"https:\/\/radiostargjilan.com\/web\/wp-json\/wp\/v2\/posts"}],"about":[{"href":"https:\/\/radiostargjilan.com\/web\/wp-json\/wp\/v2\/types\/post"}],"author":[{"embeddable":true,"href":"https:\/\/radiostargjilan.com\/web\/wp-json\/wp\/v2\/users\/1"}],"replies":[{"embeddable":true,"href":"https:\/\/radiostargjilan.com\/web\/wp-json\/wp\/v2\/comments?post=169344"}],"version-history":[{"count":0,"href":"https:\/\/radiostargjilan.com\/web\/wp-json\/wp\/v2\/posts\/169344\/revisions"}],"wp:featuredmedia":[{"embeddable":true,"href":"https:\/\/radiostargjilan.com\/web\/wp-json\/wp\/v2\/media\/169086"}],"wp:attachment":[{"href":"https:\/\/radiostargjilan.com\/web\/wp-json\/wp\/v2\/media?parent=169344"}],"wp:term":[{"taxonomy":"category","embeddable":true,"href":"https:\/\/radiostargjilan.com\/web\/wp-json\/wp\/v2\/categories?post=169344"},{"taxonomy":"post_tag","embeddable":true,"href":"https:\/\/radiostargjilan.com\/web\/wp-json\/wp\/v2\/tags?post=169344"}],"curies":[{"name":"wp","href":"https:\/\/api.w.org\/{rel}","templated":true}]}}