{"id":169592,"date":"2024-04-06T16:20:57","date_gmt":"2024-04-06T14:20:57","guid":{"rendered":"https:\/\/radiostargjilan.com\/web\/?p=169592"},"modified":"2024-04-06T16:20:57","modified_gmt":"2024-04-06T14:20:57","slug":"krasniqi-pdk-me-2017-18-shpenzoi-3-3-milione-per-libra-vv-vjet-shpenzoi-17-milione-dhe-ate-per-me-pak-nxenes","status":"publish","type":"post","link":"https:\/\/radiostargjilan.com\/web\/krasniqi-pdk-me-2017-18-shpenzoi-3-3-milione-per-libra-vv-vjet-shpenzoi-17-milione-dhe-ate-per-me-pak-nxenes\/","title":{"rendered":"Krasniqi: PDK m\u00eb 2017-18 shpenzoi 3.3 milion\u00eb p\u00ebr libra, VV vjet shpenzoi 17 milion\u00eb dhe at\u00eb p\u00ebr m\u00eb pak nx\u00ebn\u00ebs"},"content":{"rendered":"<p>Kryetari i PDK-s\u00eb, Memli Krasniqi, ka th\u00ebn\u00eb se derisa PDK ishte n\u00eb vitin e fundit n\u00eb udh\u00ebheqje t\u00eb Ministris\u00eb s\u00eb Arsimit n\u00eb vitin shkollor 2017-18 shpenzoi m\u00eb pak para p\u00ebr libra p\u00ebr nj\u00eb num\u00ebr m\u00eb t\u00eb vog\u00ebl nx\u00ebn\u00ebsish, Vet\u00ebvendosje vjet shpenzoi m\u00eb shum\u00eb p\u00ebr m\u00eb pak nx\u00ebn\u00ebs.<\/p>\n<p>\u201cN\u00eb vitin e fundit q\u00eb PDK e ka udh\u00ebhequr Ministrin\u00eb e Arsimit, n\u00eb vitin shkollor 2017-18, jan\u00eb shpenzuar 3.3 milion\u00eb euro p\u00ebr librat e 247 mij\u00eb nx\u00ebn\u00ebsve. Sivjet, kur Vet\u00ebvendosje e udh\u00ebheq Ministrin\u00eb e Arsimit, jan\u00eb shpenzuar rreth 12 milion\u00eb euro p\u00ebr libra \u2013 ndon\u00ebse nuk jan\u00eb kompensuar librat e nx\u00ebn\u00ebsve t\u00eb klasave 6-9. Vitin e kaluar, n\u00eb vitin shkollor 2022-23, jan\u00eb shpenzuar rreth 17 milion\u00eb euro p\u00ebr librat e rreth 210 mij\u00eb nx\u00ebn\u00ebsve. Pra, ndon\u00ebse jan\u00eb rreth 40 mij\u00eb nx\u00ebn\u00ebs m\u00eb pak, Qeveria e Vet\u00ebvendosjes ka shpenzuar rreth 9, respektivisht 14 milion\u00eb euro m\u00eb shum\u00eb! K\u00ebsaj i vjen era korrupsion dhe keqp\u00ebrdorim i madh n\u00eb kurriz t\u00eb nx\u00ebn\u00ebsve dhe prind\u00ebrve t\u00eb tyre\u201d, ka shkruar sot Krasniqi.<\/p>\n<p>Ai tha se p\u00ebr k\u00ebt\u00eb arsye partia e tij nxori nism\u00ebn q\u00eb rezultoi me themelin t\u00eb komisionit hetimor parlamentar p\u00ebr k\u00ebt\u00eb \u00e7\u00ebshtje.<\/p>\n<p>\u201cPrandaj, me nism\u00ebn e Partis\u00eb Demokratike t\u00eb Kosov\u00ebs, pardje u themelua komisioni hetimor parlamentar p\u00ebr t\u00eb zbardhur se \u00e7far\u00eb ka ndodhur me k\u00ebt\u00eb proces skandaloz t\u00eb furnizimit t\u00eb nx\u00ebn\u00ebsve me libra\u201d<\/p>\n","protected":false},"excerpt":{"rendered":"<p>Kryetari i PDK-s\u00eb, Memli Krasniqi, ka th\u00ebn\u00eb se derisa PDK ishte n\u00eb vitin e fundit n\u00eb udh\u00ebheqje t\u00eb Ministris\u00eb s\u00eb Arsimit n\u00eb vitin shkollor 2017-18 shpenzoi m\u00eb pak para p\u00ebr libra p\u00ebr nj\u00eb num\u00ebr m\u00eb t\u00eb vog\u00ebl nx\u00ebn\u00ebsish, Vet\u00ebvendosje vjet shpenzoi m\u00eb shum\u00eb p\u00ebr m\u00eb pak nx\u00ebn\u00ebs. \u201cN\u00eb vitin e fundit q\u00eb PDK e ka [&hellip;]<\/p>\n","protected":false},"author":1,"featured_media":169593,"comment_status":"closed","ping_status":"closed","sticky":false,"template":"","format":"standard","meta":{"footnotes":""},"categories":[5],"tags":[],"class_list":{"0":"post-169592","1":"post","2":"type-post","3":"status-publish","4":"format-standard","5":"has-post-thumbnail","7":"category-lajme"},"_links":{"self":[{"href":"https:\/\/radiostargjilan.com\/web\/wp-json\/wp\/v2\/posts\/169592","targetHints":{"allow":["GET"]}}],"collection":[{"href":"https:\/\/radiostargjilan.com\/web\/wp-json\/wp\/v2\/posts"}],"about":[{"href":"https:\/\/radiostargjilan.com\/web\/wp-json\/wp\/v2\/types\/post"}],"author":[{"embeddable":true,"href":"https:\/\/radiostargjilan.com\/web\/wp-json\/wp\/v2\/users\/1"}],"replies":[{"embeddable":true,"href":"https:\/\/radiostargjilan.com\/web\/wp-json\/wp\/v2\/comments?post=169592"}],"version-history":[{"count":0,"href":"https:\/\/radiostargjilan.com\/web\/wp-json\/wp\/v2\/posts\/169592\/revisions"}],"wp:featuredmedia":[{"embeddable":true,"href":"https:\/\/radiostargjilan.com\/web\/wp-json\/wp\/v2\/media\/169593"}],"wp:attachment":[{"href":"https:\/\/radiostargjilan.com\/web\/wp-json\/wp\/v2\/media?parent=169592"}],"wp:term":[{"taxonomy":"category","embeddable":true,"href":"https:\/\/radiostargjilan.com\/web\/wp-json\/wp\/v2\/categories?post=169592"},{"taxonomy":"post_tag","embeddable":true,"href":"https:\/\/radiostargjilan.com\/web\/wp-json\/wp\/v2\/tags?post=169592"}],"curies":[{"name":"wp","href":"https:\/\/api.w.org\/{rel}","templated":true}]}}