{"id":170742,"date":"2024-04-25T16:37:16","date_gmt":"2024-04-25T14:37:16","guid":{"rendered":"https:\/\/radiostargjilan.com\/web\/?p=170742"},"modified":"2024-04-25T16:37:16","modified_gmt":"2024-04-25T14:37:16","slug":"gervalla-vota-prej-82-ne-kie-konfirmim-i-fuqishem-per-kosoven","status":"publish","type":"post","link":"https:\/\/radiostargjilan.com\/web\/gervalla-vota-prej-82-ne-kie-konfirmim-i-fuqishem-per-kosoven\/","title":{"rendered":"G\u00ebrvalla: Vota prej 82% n\u00eb KiE, konfirmim i fuqish\u00ebm p\u00ebr Kosov\u00ebn"},"content":{"rendered":"<p>Ministrja e Pun\u00ebve t\u00eb Jashtme dhe Diaspor\u00ebs, Donika G\u00ebrvalla, n\u00eb seanc\u00ebn e sotme t\u00eb Kuvendit t\u00eb Kosov\u00ebs ka folur rreth votimit t\u00eb an\u00ebtar\u00ebsimit t\u00eb Kosov\u00ebs n\u00eb K\u00ebshillin e Ministrave t\u00eb Jasht\u00ebm t\u00eb K\u00ebshillit t\u00eb Evrop\u00ebs (KiE)..<\/p>\n<p>Deri m\u00eb tani flitej se n\u00ebse hyn n\u00eb rend dite, votimi mund t\u00eb ndodh n\u00eb muajin maj.\u201cMbetet ende pun\u00eb p\u00ebr t\u00eb b\u00ebr\u00eb. E r\u00ebnd\u00ebsishme \u00ebsht\u00eb q\u00eb vota prej 82% \u00ebsht\u00eb konfirmim i fuqish\u00ebm q\u00eb Kosova \u00ebsht\u00eb shtet me demokraci t\u00eb konsoliduar\u201d, ka th\u00ebn\u00eb ajo.<\/p>\n<p>G\u00ebrvalla ka cituar raportuesen greke p\u00ebr an\u00ebtar\u00ebsimin e Kosov\u00ebs n\u00eb K\u00ebshillin e Evrop\u00ebs, Dora Bakoyannis, e cila ka folur p\u00ebr proceset n\u00ebp\u00ebr t\u00eb cilat ka kaluar vendi.<\/p>\n<p>\u201cDora Bakoyannis n\u00eb nj\u00eb intervist\u00eb p\u00ebr gazet\u00eb greke ka th\u00ebn\u00eb q\u00eb asnj\u00eb shteti para hyrjes n\u00eb K\u00ebshillin e Evrop\u00ebs nuk i \u00ebsht\u00eb k\u00ebrkuar t\u00eb plot\u00ebsoj\u00eb m\u00ebshom\u00eb kushte se Republik\u00ebs s\u00eb Kosov\u00ebs\u201d, ka deklaruar ajo.<\/p>\n<p>G\u00ebrvalla ka \u00e7muar paraqitjen e presidentes Vjosa Osmani n\u00eb seanc\u00ebn e K\u00ebshillit t\u00eb Sigurimit n\u00eb Kombet e Bashkuara.<\/p>\n<p>\u201cAjo na b\u00ebn krenar me \u00e7do paraqitje t\u00eb saj nd\u00ebrkomb\u00ebtare\u201d, ka th\u00ebn\u00eb ajo.<\/p>\n<p>Ajo ka b\u00ebr\u00eb thirrje edhe ndaj diaspor\u00ebs p\u00ebr regjistrim t\u00eb popullsis\u00eb, duke e cil\u00ebsuar si t\u00eb domosdosh\u00ebm. Nd\u00ebrkaq nuk \u00ebsht\u00eb raportuar p\u00ebr t\u00eb gjeturat e raportit t\u00eb DASH, duke th\u00ebn\u00eb se p\u00ebr k\u00ebt\u00eb do t\u00eb flas n\u00eb seanc\u00ebn q\u00eb do t\u00eb thirret p\u00ebr t\u00eb.<\/p>\n","protected":false},"excerpt":{"rendered":"<p>Ministrja e Pun\u00ebve t\u00eb Jashtme dhe Diaspor\u00ebs, Donika G\u00ebrvalla, n\u00eb seanc\u00ebn e sotme t\u00eb Kuvendit t\u00eb Kosov\u00ebs ka folur rreth votimit t\u00eb an\u00ebtar\u00ebsimit t\u00eb Kosov\u00ebs n\u00eb K\u00ebshillin e Ministrave t\u00eb Jasht\u00ebm t\u00eb K\u00ebshillit t\u00eb Evrop\u00ebs (KiE).. Deri m\u00eb tani flitej se n\u00ebse hyn n\u00eb rend dite, votimi mund t\u00eb ndodh n\u00eb muajin maj.\u201cMbetet ende pun\u00eb [&hellip;]<\/p>\n","protected":false},"author":1,"featured_media":170743,"comment_status":"closed","ping_status":"closed","sticky":false,"template":"","format":"standard","meta":{"footnotes":""},"categories":[5],"tags":[],"class_list":{"0":"post-170742","1":"post","2":"type-post","3":"status-publish","4":"format-standard","5":"has-post-thumbnail","7":"category-lajme"},"_links":{"self":[{"href":"https:\/\/radiostargjilan.com\/web\/wp-json\/wp\/v2\/posts\/170742","targetHints":{"allow":["GET"]}}],"collection":[{"href":"https:\/\/radiostargjilan.com\/web\/wp-json\/wp\/v2\/posts"}],"about":[{"href":"https:\/\/radiostargjilan.com\/web\/wp-json\/wp\/v2\/types\/post"}],"author":[{"embeddable":true,"href":"https:\/\/radiostargjilan.com\/web\/wp-json\/wp\/v2\/users\/1"}],"replies":[{"embeddable":true,"href":"https:\/\/radiostargjilan.com\/web\/wp-json\/wp\/v2\/comments?post=170742"}],"version-history":[{"count":0,"href":"https:\/\/radiostargjilan.com\/web\/wp-json\/wp\/v2\/posts\/170742\/revisions"}],"wp:featuredmedia":[{"embeddable":true,"href":"https:\/\/radiostargjilan.com\/web\/wp-json\/wp\/v2\/media\/170743"}],"wp:attachment":[{"href":"https:\/\/radiostargjilan.com\/web\/wp-json\/wp\/v2\/media?parent=170742"}],"wp:term":[{"taxonomy":"category","embeddable":true,"href":"https:\/\/radiostargjilan.com\/web\/wp-json\/wp\/v2\/categories?post=170742"},{"taxonomy":"post_tag","embeddable":true,"href":"https:\/\/radiostargjilan.com\/web\/wp-json\/wp\/v2\/tags?post=170742"}],"curies":[{"name":"wp","href":"https:\/\/api.w.org\/{rel}","templated":true}]}}