{"id":170786,"date":"2024-04-26T12:29:28","date_gmt":"2024-04-26T10:29:28","guid":{"rendered":"https:\/\/radiostargjilan.com\/web\/?p=170786"},"modified":"2024-04-26T12:29:28","modified_gmt":"2024-04-26T10:29:28","slug":"pdk-gjilan-kurdisja-e-tenderit-per-ekskurzionin-e-maturanteve-me-cmim-prej-145-euro-nuk-do-te-kaloje","status":"publish","type":"post","link":"https:\/\/radiostargjilan.com\/web\/pdk-gjilan-kurdisja-e-tenderit-per-ekskurzionin-e-maturanteve-me-cmim-prej-145-euro-nuk-do-te-kaloje\/","title":{"rendered":"PDK Gjilan: Kurdisja e tenderit p\u00ebr ekskurzionin e maturant\u00ebve me \u00e7mim prej 145 euro nuk do t\u00eb kaloj\u00eb!"},"content":{"rendered":"<p>Organizimi i ekskurzionit nga DKA ka shkaktuar shum\u00eb polemika nga nx\u00ebn\u00ebsit dhe nga partit\u00eb politike opozitare n\u00eb Gjilan shkruan Radio Star.<\/p>\n<p>PDK Gjilan ka ngritur shqet\u00ebsime lidhur me m\u00ebnyr\u00ebn sesi organizohen ekskursionet, duke i cil\u00ebsuar at\u00eb si t\u00eb kurdisura. <\/p>\n<p>M\u00eb tutje ata kan\u00eb b\u00ebr\u00eb thirrje q\u00eb t\u00eb anulohet ky tender dhe q\u00eb t\u00eb heqet dor\u00eb nga xhepi i prind\u00ebrve.<\/p>\n<p>Komunikata e plot\u00eb:<\/p>\n<p>Kurdisja e tenderit p\u00ebr eskursionin e maturant\u00ebve me \u00e7mim prej 145 euro nuk do t\u00eb kaloj\u00eb, VV t\u00eb heq duart nga xhepat e prind\u00ebrve <\/p>\n<p>Loja me organizimin e eskursionit me maturant\u00ebt ka filluar me vendimin e anulimit t\u00eb kryetarit t\u00eb komun\u00ebs s\u00eb Gjilanit, nd\u00ebrsa po vazhdon me kurdisjen e tender\u00ebve me \u00e7mim dy fish m\u00eb t\u00eb lart\u00eb se vitin e kaluar.<\/p>\n<p>Vitin e kaluar \u00e7mimi ka qen\u00eb 89 euro p\u00ebr tri net\u00eb e kat\u00ebr dit\u00eb, k\u00ebt\u00eb vit sekser\u00ebt e VV-s\u00eb b\u00ebn\u00eb ndryshim duke shkurtuar q\u00ebndrimin n\u00eb dy net\u00eb e tri dit\u00eb por rrit\u00ebn \u00e7mimin p\u00ebrmes kurdisjes s\u00eb tender\u00ebve n\u00eb 145 euro.<\/p>\n<p>Sipas informatave tona, komuna e Kamenic\u00ebs ka kontraktuar p\u00ebr tri net\u00eb e kat\u00ebr dit\u00eb me \u00e7mimin prej 140 euro, nd\u00ebrsa qeverisja e VV-s\u00eb n\u00eb Gjilan e ka rrit\u00eb tallin p\u00ebr sekser\u00ebt e organizimit t\u00eb k\u00ebtij eskursioni, andaj kjo kurdisje \u00ebsht\u00eb e papranueshme p\u00ebr nx\u00ebn\u00ebsit e shkollave t\u00eb mesme t\u00eb cil\u00ebt po e kund\u00ebrshtojn\u00eb k\u00ebt\u00eb tender\u00eb.<\/p>\n<p>Ne si PDK k\u00ebrkojm\u00eb nga DKA dhe qeverisja e korruptuar e VV-s\u00eb n\u00eb Gjilan q\u00eb t\u00eb heq dor\u00eb nga xhepi i prind\u00ebrve dhe t\u00eb anuloj\u00eb menj\u00ebher\u00eb k\u00ebt\u00eb tender\u00eb, n\u00eb m\u00ebnyr\u00eb q\u00eb t\u00eb p\u00ebrs\u00ebritet dhe mos t\u00eb ket\u00eb marrveshje e kurdisje me operator\u00ebt ekonomik.<\/p>\n<p>*Foto ilustrim<\/p>\n","protected":false},"excerpt":{"rendered":"<p>Organizimi i ekskurzionit nga DKA ka shkaktuar shum\u00eb polemika nga nx\u00ebn\u00ebsit dhe nga partit\u00eb politike opozitare n\u00eb Gjilan shkruan Radio Star. PDK Gjilan ka ngritur shqet\u00ebsime lidhur me m\u00ebnyr\u00ebn sesi organizohen ekskursionet, duke i cil\u00ebsuar at\u00eb si t\u00eb kurdisura. M\u00eb tutje ata kan\u00eb b\u00ebr\u00eb thirrje q\u00eb t\u00eb anulohet ky tender dhe q\u00eb t\u00eb heqet dor\u00eb [&hellip;]<\/p>\n","protected":false},"author":1,"featured_media":170787,"comment_status":"closed","ping_status":"closed","sticky":false,"template":"","format":"standard","meta":{"footnotes":""},"categories":[5],"tags":[],"class_list":{"0":"post-170786","1":"post","2":"type-post","3":"status-publish","4":"format-standard","5":"has-post-thumbnail","7":"category-lajme"},"_links":{"self":[{"href":"https:\/\/radiostargjilan.com\/web\/wp-json\/wp\/v2\/posts\/170786","targetHints":{"allow":["GET"]}}],"collection":[{"href":"https:\/\/radiostargjilan.com\/web\/wp-json\/wp\/v2\/posts"}],"about":[{"href":"https:\/\/radiostargjilan.com\/web\/wp-json\/wp\/v2\/types\/post"}],"author":[{"embeddable":true,"href":"https:\/\/radiostargjilan.com\/web\/wp-json\/wp\/v2\/users\/1"}],"replies":[{"embeddable":true,"href":"https:\/\/radiostargjilan.com\/web\/wp-json\/wp\/v2\/comments?post=170786"}],"version-history":[{"count":0,"href":"https:\/\/radiostargjilan.com\/web\/wp-json\/wp\/v2\/posts\/170786\/revisions"}],"wp:featuredmedia":[{"embeddable":true,"href":"https:\/\/radiostargjilan.com\/web\/wp-json\/wp\/v2\/media\/170787"}],"wp:attachment":[{"href":"https:\/\/radiostargjilan.com\/web\/wp-json\/wp\/v2\/media?parent=170786"}],"wp:term":[{"taxonomy":"category","embeddable":true,"href":"https:\/\/radiostargjilan.com\/web\/wp-json\/wp\/v2\/categories?post=170786"},{"taxonomy":"post_tag","embeddable":true,"href":"https:\/\/radiostargjilan.com\/web\/wp-json\/wp\/v2\/tags?post=170786"}],"curies":[{"name":"wp","href":"https:\/\/api.w.org\/{rel}","templated":true}]}}