{"id":170849,"date":"2024-04-27T13:08:29","date_gmt":"2024-04-27T11:08:29","guid":{"rendered":"https:\/\/radiostargjilan.com\/web\/?p=170849"},"modified":"2024-04-27T13:08:29","modified_gmt":"2024-04-27T11:08:29","slug":"qerkini-brukseli-ka-stagnuar-procesin-e-personave-te-pagjetur","status":"publish","type":"post","link":"https:\/\/radiostargjilan.com\/web\/qerkini-brukseli-ka-stagnuar-procesin-e-personave-te-pagjetur\/","title":{"rendered":"Qerkini: Brukseli ka stagnuar procesin e personave t\u00eb pagjetur"},"content":{"rendered":"<p>Bajram Qerkini, kryetar i K\u00ebshillit Koordinues t\u00eb Asociacioneve t\u00eb Familjar\u00ebve t\u00eb t\u00eb Zhdukurve, ka th\u00ebn\u00eb se Brukseli ka stagnuar procesin e personave t\u00eb pagjetur.<\/p>\n<p>Qerkini tha se familjar\u00ebt e t\u00eb pagjeturve kan\u00eb t\u00eb drejt\u00eb t\u00eb kritikojn\u00eb dhe t\u00eb k\u00ebrkojn\u00eb t\u00eb pamundshmen.<\/p>\n<p>\u201cNe familjar\u00ebt kemi t\u00eb drejt\u00eb edhe kur s\u2019kemi t\u00eb drejt\u00eb kemi t\u00eb drejt\u00eb t\u00eb kritikojm\u00eb dhe t\u00eb k\u00ebrkojm\u00eb at\u00eb t\u00eb pamundshme. Republika e Kosov\u00ebs t\u00eb zbatoj\u00eb kur nuk e p\u00ebrkrahin shtetet. Sot sot i pat\u00eb shum\u00eb ambasador, ku une kom pas\u00eb takim me ta, Brukseli me vendimet e veta duke th\u00ebn\u00eb se duhet jet\u00eb prioritet humanitar personat e pagjetur, e ka stagnuar komplet e procesit e personave t\u00eb pagjetur\u201d,  u shpreh Qerkini<\/p>\n<p>Ai iu drejtua edhe presidentes s\u00eb Kosov\u00ebs Vjosa Osmanit, duke i th\u00ebn\u00eb q\u00eb duhet b\u00ebr\u00eb m\u00eb shum\u00eb n\u00eb k\u00ebt\u00eb proces.<\/p>\n","protected":false},"excerpt":{"rendered":"<p>Bajram Qerkini, kryetar i K\u00ebshillit Koordinues t\u00eb Asociacioneve t\u00eb Familjar\u00ebve t\u00eb t\u00eb Zhdukurve, ka th\u00ebn\u00eb se Brukseli ka stagnuar procesin e personave t\u00eb pagjetur. Qerkini tha se familjar\u00ebt e t\u00eb pagjeturve kan\u00eb t\u00eb drejt\u00eb t\u00eb kritikojn\u00eb dhe t\u00eb k\u00ebrkojn\u00eb t\u00eb pamundshmen. \u201cNe familjar\u00ebt kemi t\u00eb drejt\u00eb edhe kur s\u2019kemi t\u00eb drejt\u00eb kemi t\u00eb drejt\u00eb t\u00eb [&hellip;]<\/p>\n","protected":false},"author":1,"featured_media":170850,"comment_status":"closed","ping_status":"closed","sticky":false,"template":"","format":"standard","meta":{"footnotes":""},"categories":[5],"tags":[],"class_list":{"0":"post-170849","1":"post","2":"type-post","3":"status-publish","4":"format-standard","5":"has-post-thumbnail","7":"category-lajme"},"_links":{"self":[{"href":"https:\/\/radiostargjilan.com\/web\/wp-json\/wp\/v2\/posts\/170849","targetHints":{"allow":["GET"]}}],"collection":[{"href":"https:\/\/radiostargjilan.com\/web\/wp-json\/wp\/v2\/posts"}],"about":[{"href":"https:\/\/radiostargjilan.com\/web\/wp-json\/wp\/v2\/types\/post"}],"author":[{"embeddable":true,"href":"https:\/\/radiostargjilan.com\/web\/wp-json\/wp\/v2\/users\/1"}],"replies":[{"embeddable":true,"href":"https:\/\/radiostargjilan.com\/web\/wp-json\/wp\/v2\/comments?post=170849"}],"version-history":[{"count":0,"href":"https:\/\/radiostargjilan.com\/web\/wp-json\/wp\/v2\/posts\/170849\/revisions"}],"wp:featuredmedia":[{"embeddable":true,"href":"https:\/\/radiostargjilan.com\/web\/wp-json\/wp\/v2\/media\/170850"}],"wp:attachment":[{"href":"https:\/\/radiostargjilan.com\/web\/wp-json\/wp\/v2\/media?parent=170849"}],"wp:term":[{"taxonomy":"category","embeddable":true,"href":"https:\/\/radiostargjilan.com\/web\/wp-json\/wp\/v2\/categories?post=170849"},{"taxonomy":"post_tag","embeddable":true,"href":"https:\/\/radiostargjilan.com\/web\/wp-json\/wp\/v2\/tags?post=170849"}],"curies":[{"name":"wp","href":"https:\/\/api.w.org\/{rel}","templated":true}]}}