{"id":170937,"date":"2024-04-28T17:46:02","date_gmt":"2024-04-28T15:46:02","guid":{"rendered":"https:\/\/radiostargjilan.com\/web\/?p=170937"},"modified":"2024-04-28T17:46:02","modified_gmt":"2024-04-28T15:46:02","slug":"sc-gjilani-peson-humbje-nga-ballkani","status":"publish","type":"post","link":"https:\/\/radiostargjilan.com\/web\/sc-gjilani-peson-humbje-nga-ballkani\/","title":{"rendered":"SC Gjilani p\u00ebson humbje nga Ballkani"},"content":{"rendered":"<p>Gjilani ka p\u00ebsuar  humbje n\u00eb fush\u00eb t\u00eb vet dhe seriozisht \u00ebsht\u00eb futur n\u00eb  gar\u00ebn p\u00ebr  mbijetes\u00eb n\u00eb Superlig\u00ebn e Kosov\u00ebs n\u00eb  Futboll.<\/p>\n<p>Pas nj\u00eb pjes\u00ebloje t\u00eb par\u00eb t\u00eb niveluar, n\u00eb t\u00eb cil\u00ebn Gjilani u pa haptas se kishte hyr\u00eb p\u00ebr t\u00eb mos p\u00ebsuar gol, n\u00eb pjes\u00ebloj\u00ebn e dyt\u00eb gjerat kan\u00eb ndryshuar dhe Ballkani ka qen\u00eb ekip m\u00eb  i mir\u00eb. Kjo b\u00ebri q\u00eb  ata t\u00eb sh\u00ebnojn\u00eb golin e par\u00eb q\u00eb n\u00eb minut\u00ebn 49. Pas nj\u00eb harkimi nga thell\u00ebsia, mbrojtja e Gjilanit u tregua i ngatht\u00eb n\u00eb mbrojtje dhe Gripshi i vetmuar nuk e pati t\u00eb v\u00ebshtir\u00eb t\u00eb sh\u00ebnoj\u00eb.<\/p>\n<p>Pas golit t\u00eb p\u00ebsuar Gjilani e hapi loj\u00ebn, ishte m\u00eb mir\u00eb dhe pati disa raste t\u00eb mira sh\u00ebnimi, por n\u00eb rastin e par\u00eb n\u00eb mbrojtje s\u00ebrish ka p\u00ebsuar, serish fal\u00eb ngatht\u00ebsis\u00eb s\u00eb  mbrojtjes, e cila 2-3 her\u00eb pati mund\u00ebsi q\u00eb t\u00eb d\u00ebboj\u00eb topin nga ona, por q\u00eb nuk e b\u00ebri nj\u00eb gj\u00eb t\u00eb till\u00eb dhe topi n\u00eb fund erdhi deri te Dellova, i cili me nj\u00eb gjuajtje t\u00eb sakt\u00eb ia doli q\u00eb t\u00eb q\u00eblloj\u00eb k\u00ebndin e posht\u00ebm t\u00eb majt\u00eb t\u00eb portierit Bllaca p\u00ebr rezultatin 0:2.<\/p>\n","protected":false},"excerpt":{"rendered":"<p>Gjilani ka p\u00ebsuar humbje n\u00eb fush\u00eb t\u00eb vet dhe seriozisht \u00ebsht\u00eb futur n\u00eb gar\u00ebn p\u00ebr mbijetes\u00eb n\u00eb Superlig\u00ebn e Kosov\u00ebs n\u00eb Futboll. Pas nj\u00eb pjes\u00ebloje t\u00eb par\u00eb t\u00eb niveluar, n\u00eb t\u00eb cil\u00ebn Gjilani u pa haptas se kishte hyr\u00eb p\u00ebr t\u00eb mos p\u00ebsuar gol, n\u00eb pjes\u00ebloj\u00ebn e dyt\u00eb gjerat kan\u00eb ndryshuar dhe Ballkani ka qen\u00eb [&hellip;]<\/p>\n","protected":false},"author":1,"featured_media":170938,"comment_status":"closed","ping_status":"closed","sticky":false,"template":"","format":"standard","meta":{"footnotes":""},"categories":[7],"tags":[],"class_list":{"0":"post-170937","1":"post","2":"type-post","3":"status-publish","4":"format-standard","5":"has-post-thumbnail","7":"category-sports"},"_links":{"self":[{"href":"https:\/\/radiostargjilan.com\/web\/wp-json\/wp\/v2\/posts\/170937","targetHints":{"allow":["GET"]}}],"collection":[{"href":"https:\/\/radiostargjilan.com\/web\/wp-json\/wp\/v2\/posts"}],"about":[{"href":"https:\/\/radiostargjilan.com\/web\/wp-json\/wp\/v2\/types\/post"}],"author":[{"embeddable":true,"href":"https:\/\/radiostargjilan.com\/web\/wp-json\/wp\/v2\/users\/1"}],"replies":[{"embeddable":true,"href":"https:\/\/radiostargjilan.com\/web\/wp-json\/wp\/v2\/comments?post=170937"}],"version-history":[{"count":0,"href":"https:\/\/radiostargjilan.com\/web\/wp-json\/wp\/v2\/posts\/170937\/revisions"}],"wp:featuredmedia":[{"embeddable":true,"href":"https:\/\/radiostargjilan.com\/web\/wp-json\/wp\/v2\/media\/170938"}],"wp:attachment":[{"href":"https:\/\/radiostargjilan.com\/web\/wp-json\/wp\/v2\/media?parent=170937"}],"wp:term":[{"taxonomy":"category","embeddable":true,"href":"https:\/\/radiostargjilan.com\/web\/wp-json\/wp\/v2\/categories?post=170937"},{"taxonomy":"post_tag","embeddable":true,"href":"https:\/\/radiostargjilan.com\/web\/wp-json\/wp\/v2\/tags?post=170937"}],"curies":[{"name":"wp","href":"https:\/\/api.w.org\/{rel}","templated":true}]}}